{"id":8624,"date":"2022-07-23T09:59:25","date_gmt":"2022-07-23T14:59:25","guid":{"rendered":"https:\/\/infoveracruz.com.mx\/?p=8624"},"modified":"2022-07-23T09:59:26","modified_gmt":"2022-07-23T14:59:26","slug":"se-necesitan-rentas-moderadas-para-locales-comerciales-del-centro-de-veracruz","status":"publish","type":"post","link":"https:\/\/infoveracruz.com.mx\/index.php\/2022\/07\/23\/se-necesitan-rentas-moderadas-para-locales-comerciales-del-centro-de-veracruz\/","title":{"rendered":"Se necesitan rentas moderadas para locales comerciales del centro de Veracruz"},"content":{"rendered":"\n<p><br>Susana Cruz.<\/p>\n\n\n\n<p><br>Veracruz, Ver. Autoridades y empresarios buscan reactivar el centro hist\u00f3rico de la ciudad de Veracruz y entre las acciones destaca el an\u00e1lisis de precios de las rentas de locales comerciales.<\/p>\n\n\n\n<p><br>Miguel Ignacio G\u00f3mez Flores, presidente de la Asociaci\u00f3n de Agentes Inmobiliarios de M\u00e9xico A.C., admiti\u00f3 que muchos inmuebles se encuentran desocupados por los altos montos que piden al arrendatario.<\/p>\n\n\n\n<p><br>Por ello se requiere generar conciencia entre los arrendadores para que la gente vuelva a ocupar locales en calles como 5 de Mayo, Independencia, Madero, entre otros.<\/p>\n\n\n\n<p><br>\u201cParte de lo que se est\u00e1 trabajando, tanto autoridades como empresarios, que quieren invertir su dinero en esto es que se tome conciencia para tener precios m\u00e1s accesibles y comerciales\u201d.<\/p>\n\n\n\n<p><br>A la par se necesita que la gente regrese a vivir al primer cuadro de la ciudad.<\/p>\n\n\n\n<p><br>Para ello habr\u00e1 estrategias de promoci\u00f3n de ventas y rentas.<br>Afirm\u00f3 que tanto las autoridades locales, como estatales y empresarios, quieren invertir en los nuevos modos de vivienda tanto para renta o venta.<\/p>\n\n\n\n<p><br>\u201cLas autoridades y empresarios se encuentran en pl\u00e1ticas para poder reactivar los edificios por medio de las nuevas t\u00e9cnicas de promoci\u00f3n de ventas y rentas que se est\u00e1 viviendo por la propia pandemia y que se ha visto a nivel mundial una nueva forma de vivir y de reactivar los centros hist\u00f3ricos\u201d.<\/p>\n\n\n\n<p><br>Hay pl\u00e1ticas para reactivar la parte comercial pero tambi\u00e9n para que la gente regrese al centro a vivir.<\/p>\n\n\n\n<p><\/p>\n\n\n\n<p><\/p>\n\n\n\n<p><\/p>\n\n\n\n<p>#Rentas #Inmuebles #CentroHist\u00f3rico<\/p>\n","protected":false},"excerpt":{"rendered":"<p>Susana Cruz. Veracruz, Ver. Autoridades y empresarios buscan reactivar el centro hist\u00f3rico de la ciudad&#8230;<\/p>\n","protected":false},"author":2,"featured_media":8625,"comment_status":"open","ping_status":"closed","sticky":false,"template":"","format":"standard","meta":{"_monsterinsights_skip_tracking":false,"_monsterinsights_sitenote_active":false,"_monsterinsights_sitenote_note":"","_monsterinsights_sitenote_category":0,"footnotes":""},"categories":[111],"tags":[364,476],"class_list":["post-8624","post","type-post","status-publish","format-standard","has-post-thumbnail","hentry","category-local","tag-centro-historico","tag-inmuebles"],"_links":{"self":[{"href":"https:\/\/infoveracruz.com.mx\/index.php\/wp-json\/wp\/v2\/posts\/8624","targetHints":{"allow":["GET"]}}],"collection":[{"href":"https:\/\/infoveracruz.com.mx\/index.php\/wp-json\/wp\/v2\/posts"}],"about":[{"href":"https:\/\/infoveracruz.com.mx\/index.php\/wp-json\/wp\/v2\/types\/post"}],"author":[{"embeddable":true,"href":"https:\/\/infoveracruz.com.mx\/index.php\/wp-json\/wp\/v2\/users\/2"}],"replies":[{"embeddable":true,"href":"https:\/\/infoveracruz.com.mx\/index.php\/wp-json\/wp\/v2\/comments?post=8624"}],"version-history":[{"count":1,"href":"https:\/\/infoveracruz.com.mx\/index.php\/wp-json\/wp\/v2\/posts\/8624\/revisions"}],"predecessor-version":[{"id":8626,"href":"https:\/\/infoveracruz.com.mx\/index.php\/wp-json\/wp\/v2\/posts\/8624\/revisions\/8626"}],"wp:featuredmedia":[{"embeddable":true,"href":"https:\/\/infoveracruz.com.mx\/index.php\/wp-json\/wp\/v2\/media\/8625"}],"wp:attachment":[{"href":"https:\/\/infoveracruz.com.mx\/index.php\/wp-json\/wp\/v2\/media?parent=8624"}],"wp:term":[{"taxonomy":"category","embeddable":true,"href":"https:\/\/infoveracruz.com.mx\/index.php\/wp-json\/wp\/v2\/categories?post=8624"},{"taxonomy":"post_tag","embeddable":true,"href":"https:\/\/infoveracruz.com.mx\/index.php\/wp-json\/wp\/v2\/tags?post=8624"}],"curies":[{"name":"wp","href":"https:\/\/api.w.org\/{rel}","templated":true}]}}