{"id":8031,"date":"2022-07-09T19:10:25","date_gmt":"2022-07-10T00:10:25","guid":{"rendered":"https:\/\/infoveracruz.com.mx\/?p=8031"},"modified":"2022-07-09T19:10:27","modified_gmt":"2022-07-10T00:10:27","slug":"boca-del-rio-ya-tiene-a-su-doncella-del-mar-para-las-fiestas-de-santa-ana-2022","status":"publish","type":"post","link":"https:\/\/infoveracruz.com.mx\/index.php\/2022\/07\/09\/boca-del-rio-ya-tiene-a-su-doncella-del-mar-para-las-fiestas-de-santa-ana-2022\/","title":{"rendered":"Boca del R\u00edo ya tiene a su Doncella del Mar para las Fiestas de Santa Ana 2022"},"content":{"rendered":"\n<p><\/p>\n\n\n\n<p><em>Redacci\u00f3n InfoVeracruz. <\/em><\/p>\n\n\n\n<p>Boca del R\u00edo,Ver. Previo a la celebraci\u00f3n m\u00e1s importante del municipio de Boca del R\u00edo, este s\u00e1bado se realiz\u00f3 la elecci\u00f3n para conocer qui\u00e9n ser\u00e1 la soberana que representar\u00e1 a las Fiestas de Santa Ana 2022.<\/p>\n\n\n\n<p>En pasados d\u00edas, el Ayuntamiento de Boca del R\u00edo emiti\u00f3 la convocatoria de inscripci\u00f3n, para que todas las j\u00f3venes boque\u00f1as entre 18 y 25 a\u00f1os, solicitaran su registro y participaran.<\/p>\n\n\n\n<p>Por lo que este s\u00e1bado en Sala de Cabildo del Palacio Municipal, todas las participantes se dieron cita, y como parte del proceso, se auto presentaron y desarrollaron un tema sobre Boca del R\u00edo con un tiempo m\u00e1ximo de 10 minutos.<\/p>\n\n\n\n<p>Los temas que se trataron fueron gastronom\u00eda, tradiciones y costumbres, atractivos tur\u00edsticos, as\u00ed como conocimiento general de las fiestas de Santa Ana.<\/p>\n\n\n\n<p>Fue todo un \u00e9xito la convocatoria, por lo que fueron 13 las participantes que decidieron inscribirse y ser parte de la historia, representar la belleza, calidez y algarab\u00eda del pueblo boque\u00f1o.<\/p>\n\n\n\n<p>Dicha festividad patronal data desde 1528 y que, al paso del tiempo, re\u00fane actos religiosos, con diferentes actividades que representan el folklor de Boca del R\u00edo.<\/p>\n\n\n\n<p>Otros puntos importantes que el jurado tom\u00f3 en cuenta fueron: dominio del tema, empat\u00eda, simpat\u00eda, as\u00ed como seguridad en su presentaci\u00f3n e imagen.<\/p>\n\n\n\n<p>En representaci\u00f3n del Presidente Municipal, Juan Manuel Un\u00e1nue Abascal, la S\u00edndica \u00danica; Susana Tiburcio Galicia, encabez\u00f3 este importante momento.<\/p>\n\n\n\n<p>Tras la presentaci\u00f3n de todas las participantes, el jurado calificador dio a conocer que la \u201cDoncella del Mar 2022\u201d es Pamela Reynolds Vera, digna representante de las j\u00f3venes y de la fiesta patronal de la ciudad.<\/p>\n\n\n\n<p>Por otra parte, la Princesa Primera ser\u00e1 Itzel Enr\u00edquez Zamudio y la Princesa Segunda Darla Kenisha Calvillo Pardi\u00f1o.<\/p>\n\n\n\n<p>Finalmente, las ganadoras obtendr\u00e1n corona, vestido, maquillaje, peinado, reconocimiento del certamen, adem\u00e1s de una sesi\u00f3n fotogr\u00e1fica.<\/p>\n\n\n\n<p>Cabe se\u00f1alar, que la celebraci\u00f3n patronal se mantuvo en pausa a causa de la pandemia, pero en esta edici\u00f3n, la fe y la alegr\u00eda regresan.<\/p>\n\n\n\n<p>Pro \u00faltimo, este domingo, el Alcalde boque\u00f1o, Juan Manuel Un\u00e1nue Abascal, realizar\u00e1 la presentaci\u00f3n del programa general de las Fiesta de Santa Ana, donde se informar\u00e1n de todas las actividades diurnas y nocturnas que se realizar\u00e1n en \u201cBoca del R\u00edo, Lo Mejor de Veracruz\u201d.<\/p>\n","protected":false},"excerpt":{"rendered":"<p>Redacci\u00f3n InfoVeracruz. Boca del R\u00edo,Ver. Previo a la celebraci\u00f3n m\u00e1s importante del municipio de Boca&#8230;<\/p>\n","protected":false},"author":2,"featured_media":8032,"comment_status":"open","ping_status":"closed","sticky":false,"template":"","format":"standard","meta":{"_monsterinsights_skip_tracking":false,"_monsterinsights_sitenote_active":false,"_monsterinsights_sitenote_note":"","_monsterinsights_sitenote_category":0,"footnotes":""},"categories":[111],"tags":[131,464],"class_list":["post-8031","post","type-post","status-publish","format-standard","has-post-thumbnail","hentry","category-local","tag-boca-del-rio","tag-fiestas-de-santa-ana"],"_links":{"self":[{"href":"https:\/\/infoveracruz.com.mx\/index.php\/wp-json\/wp\/v2\/posts\/8031","targetHints":{"allow":["GET"]}}],"collection":[{"href":"https:\/\/infoveracruz.com.mx\/index.php\/wp-json\/wp\/v2\/posts"}],"about":[{"href":"https:\/\/infoveracruz.com.mx\/index.php\/wp-json\/wp\/v2\/types\/post"}],"author":[{"embeddable":true,"href":"https:\/\/infoveracruz.com.mx\/index.php\/wp-json\/wp\/v2\/users\/2"}],"replies":[{"embeddable":true,"href":"https:\/\/infoveracruz.com.mx\/index.php\/wp-json\/wp\/v2\/comments?post=8031"}],"version-history":[{"count":1,"href":"https:\/\/infoveracruz.com.mx\/index.php\/wp-json\/wp\/v2\/posts\/8031\/revisions"}],"predecessor-version":[{"id":8033,"href":"https:\/\/infoveracruz.com.mx\/index.php\/wp-json\/wp\/v2\/posts\/8031\/revisions\/8033"}],"wp:featuredmedia":[{"embeddable":true,"href":"https:\/\/infoveracruz.com.mx\/index.php\/wp-json\/wp\/v2\/media\/8032"}],"wp:attachment":[{"href":"https:\/\/infoveracruz.com.mx\/index.php\/wp-json\/wp\/v2\/media?parent=8031"}],"wp:term":[{"taxonomy":"category","embeddable":true,"href":"https:\/\/infoveracruz.com.mx\/index.php\/wp-json\/wp\/v2\/categories?post=8031"},{"taxonomy":"post_tag","embeddable":true,"href":"https:\/\/infoveracruz.com.mx\/index.php\/wp-json\/wp\/v2\/tags?post=8031"}],"curies":[{"name":"wp","href":"https:\/\/api.w.org\/{rel}","templated":true}]}}