{"id":8022,"date":"2022-07-09T14:57:14","date_gmt":"2022-07-09T19:57:14","guid":{"rendered":"https:\/\/infoveracruz.com.mx\/?p=8022"},"modified":"2022-07-09T14:57:15","modified_gmt":"2022-07-09T19:57:15","slug":"familia-poblana-concluye-en-veracruz-su-travesia-por-el-mundo-luego-de-navegar-tres-anos","status":"publish","type":"post","link":"https:\/\/infoveracruz.com.mx\/index.php\/2022\/07\/09\/familia-poblana-concluye-en-veracruz-su-travesia-por-el-mundo-luego-de-navegar-tres-anos\/","title":{"rendered":"Familia poblana concluye en Veracruz su traves\u00eda por el mundo, luego de navegar tres a\u00f1os"},"content":{"rendered":"\n<p><br>Susana Cruz.<\/p>\n\n\n\n<p><br> Veracruz, Ver. Despu\u00e9s de 3 a\u00f1os a\u00f1os y medio de darle la vuelta al mundo, Alejandro Irigoye y Bernardette S\u00e1nchez del Castillo, junto con sus hijos, concluyeron su traves\u00eda en Veracruz.<br>La familia es de puebla y en 2019 zarparon del Puerto de Acapulco.<br>Se trata de la primera familia mexicana navegando alrededor del mundo a vela.<br>La finalidad primordial era llevar un mensaje de paz, solt\u00e1ndose de su vida terrenal y cumpliendo un sue\u00f1o, sin embargo, fueron sorprendidos en 2020 por la pandemia del Covid y tuvieron que estar anclados en Egipto cuatro meses.<br>All\u00e1 consiguieron ayuda para que les llevaran v\u00edveres, ya que en ese momento era incierto cu\u00e1nto tiempo tendr\u00edan que permanecer varados.<br>\u201cPrimero cuando empezamos a ver la noticia lo vimos como algo muy lejano, pero conforme avanz\u00e1bamos en los puertos se escuchaba m\u00e1s,hasta que ya no pudimos seguir y los egipcios nos permitieron atracar en sus costas\u201d.<br>Alejandro Irigoye admiti\u00f3 que con la emergencia sanitaria del coronavirus el aprendizaje fue mayor y destac\u00f3 el apego que la mayor\u00eda de las personas tiene por los bienes materiales, por las reglas sociales, la falta de cuestionamientos y el no atreverse a cumplir sue\u00f1os.<br>La familia visit\u00f3 varios pa\u00edses y naveg\u00f3 durante varios meses.<\/p>\n","protected":false},"excerpt":{"rendered":"<p>Susana Cruz. Veracruz, Ver. Despu\u00e9s de 3 a\u00f1os a\u00f1os y medio de darle la vuelta&#8230;<\/p>\n","protected":false},"author":2,"featured_media":8023,"comment_status":"open","ping_status":"closed","sticky":false,"template":"","format":"standard","meta":{"_monsterinsights_skip_tracking":false,"_monsterinsights_sitenote_active":false,"_monsterinsights_sitenote_note":"","_monsterinsights_sitenote_category":0,"footnotes":""},"categories":[111],"tags":[],"class_list":["post-8022","post","type-post","status-publish","format-standard","has-post-thumbnail","hentry","category-local"],"_links":{"self":[{"href":"https:\/\/infoveracruz.com.mx\/index.php\/wp-json\/wp\/v2\/posts\/8022","targetHints":{"allow":["GET"]}}],"collection":[{"href":"https:\/\/infoveracruz.com.mx\/index.php\/wp-json\/wp\/v2\/posts"}],"about":[{"href":"https:\/\/infoveracruz.com.mx\/index.php\/wp-json\/wp\/v2\/types\/post"}],"author":[{"embeddable":true,"href":"https:\/\/infoveracruz.com.mx\/index.php\/wp-json\/wp\/v2\/users\/2"}],"replies":[{"embeddable":true,"href":"https:\/\/infoveracruz.com.mx\/index.php\/wp-json\/wp\/v2\/comments?post=8022"}],"version-history":[{"count":1,"href":"https:\/\/infoveracruz.com.mx\/index.php\/wp-json\/wp\/v2\/posts\/8022\/revisions"}],"predecessor-version":[{"id":8024,"href":"https:\/\/infoveracruz.com.mx\/index.php\/wp-json\/wp\/v2\/posts\/8022\/revisions\/8024"}],"wp:featuredmedia":[{"embeddable":true,"href":"https:\/\/infoveracruz.com.mx\/index.php\/wp-json\/wp\/v2\/media\/8023"}],"wp:attachment":[{"href":"https:\/\/infoveracruz.com.mx\/index.php\/wp-json\/wp\/v2\/media?parent=8022"}],"wp:term":[{"taxonomy":"category","embeddable":true,"href":"https:\/\/infoveracruz.com.mx\/index.php\/wp-json\/wp\/v2\/categories?post=8022"},{"taxonomy":"post_tag","embeddable":true,"href":"https:\/\/infoveracruz.com.mx\/index.php\/wp-json\/wp\/v2\/tags?post=8022"}],"curies":[{"name":"wp","href":"https:\/\/api.w.org\/{rel}","templated":true}]}}