{"id":63328,"date":"2026-04-27T12:57:36","date_gmt":"2026-04-27T17:57:36","guid":{"rendered":"https:\/\/infoveracruz.com.mx\/?p=63328"},"modified":"2026-04-27T12:57:40","modified_gmt":"2026-04-27T17:57:40","slug":"piden-empresarios-agilizar-municipalizacion-de-ciudad-industrial-bruno-pagliai","status":"publish","type":"post","link":"https:\/\/infoveracruz.com.mx\/index.php\/2026\/04\/27\/piden-empresarios-agilizar-municipalizacion-de-ciudad-industrial-bruno-pagliai\/","title":{"rendered":"Piden empresarios agilizar municipalizaci\u00f3n de ciudad industrial Bruno Pagliai"},"content":{"rendered":"\n<p>Susana Cruz.<\/p>\n\n\n\n<p><br>Veracruz, Ver. 27 de abril de 2026.- Empresarios de la Ciudad Industrial Bruno Pagliai demandaron agilizar la municipalizaci\u00f3n de la zona, al advertir que persiste incertidumbre jur\u00eddica y retrasos en la atenci\u00f3n de infraestructura, lo que impacta directamente en la operaci\u00f3n de las empresas y en m\u00e1s de 20 mil trabajadores.<\/p>\n\n\n\n<p><br>Gerardo Correa Falford, miembro del Consejo de la Asociaci\u00f3n de Industriales Bruno Pagliai, se\u00f1al\u00f3 que, aunque existen anuncios por parte de autoridades estatales y municipales, el proceso no se concreta formalmente, por lo que insisti\u00f3 en la necesidad de certeza legal y mayor rapidez en su ejecuci\u00f3n.<br>Por falta de claridad administrativa, las empresas asumieron costos para mejorar las condiciones del parque industrial, atendiendo problemas como fugas de agua, bacheo y pavimentaci\u00f3n, incluso con recursos propios, ante la falta de intervenci\u00f3n oficial.<\/p>\n\n\n\n<p><br>Correa Falford agreg\u00f3 que la falta de municipalizaci\u00f3n tambi\u00e9n genera obst\u00e1culos legales, ya que en algunos casos se les ha impedido realizar mejoras por no contar con una figura administrativa clara, lo que frena inversiones y limita el desarrollo de la zona industrial.<\/p>\n\n\n\n<p><br>Reiter\u00f3 el llamado a las autoridades para concretar el proceso con celeridad y brindar certeza jur\u00eddica, a fin de que empresarios y gobierno trabajen de manera coordinada en la rehabilitaci\u00f3n integral de la Ciudad Industrial Bruno Pagliai.<\/p>\n\n\n\n<h1 class=\"wp-block-heading\">#CiudadIndustrial #Bruno Pagliai #empresarios<\/h1>\n","protected":false},"excerpt":{"rendered":"<p>Susana Cruz. Veracruz, Ver. 27 de abril de 2026.- Empresarios de la Ciudad Industrial Bruno&#8230;<\/p>\n","protected":false},"author":2,"featured_media":63329,"comment_status":"closed","ping_status":"closed","sticky":false,"template":"","format":"standard","meta":{"_monsterinsights_skip_tracking":false,"_monsterinsights_sitenote_active":false,"_monsterinsights_sitenote_note":"","_monsterinsights_sitenote_category":0,"footnotes":""},"categories":[111],"tags":[],"class_list":["post-63328","post","type-post","status-publish","format-standard","has-post-thumbnail","hentry","category-local"],"_links":{"self":[{"href":"https:\/\/infoveracruz.com.mx\/index.php\/wp-json\/wp\/v2\/posts\/63328","targetHints":{"allow":["GET"]}}],"collection":[{"href":"https:\/\/infoveracruz.com.mx\/index.php\/wp-json\/wp\/v2\/posts"}],"about":[{"href":"https:\/\/infoveracruz.com.mx\/index.php\/wp-json\/wp\/v2\/types\/post"}],"author":[{"embeddable":true,"href":"https:\/\/infoveracruz.com.mx\/index.php\/wp-json\/wp\/v2\/users\/2"}],"replies":[{"embeddable":true,"href":"https:\/\/infoveracruz.com.mx\/index.php\/wp-json\/wp\/v2\/comments?post=63328"}],"version-history":[{"count":1,"href":"https:\/\/infoveracruz.com.mx\/index.php\/wp-json\/wp\/v2\/posts\/63328\/revisions"}],"predecessor-version":[{"id":63330,"href":"https:\/\/infoveracruz.com.mx\/index.php\/wp-json\/wp\/v2\/posts\/63328\/revisions\/63330"}],"wp:featuredmedia":[{"embeddable":true,"href":"https:\/\/infoveracruz.com.mx\/index.php\/wp-json\/wp\/v2\/media\/63329"}],"wp:attachment":[{"href":"https:\/\/infoveracruz.com.mx\/index.php\/wp-json\/wp\/v2\/media?parent=63328"}],"wp:term":[{"taxonomy":"category","embeddable":true,"href":"https:\/\/infoveracruz.com.mx\/index.php\/wp-json\/wp\/v2\/categories?post=63328"},{"taxonomy":"post_tag","embeddable":true,"href":"https:\/\/infoveracruz.com.mx\/index.php\/wp-json\/wp\/v2\/tags?post=63328"}],"curies":[{"name":"wp","href":"https:\/\/api.w.org\/{rel}","templated":true}]}}