{"id":63324,"date":"2026-04-27T11:45:39","date_gmt":"2026-04-27T16:45:39","guid":{"rendered":"https:\/\/infoveracruz.com.mx\/?p=63324"},"modified":"2026-04-27T11:45:44","modified_gmt":"2026-04-27T16:45:44","slug":"acusa-alcaldesa-de-veracruz-dano-patrimonial-por-concesion-de-alumbrado-publico-heredada-de-administracion-anterior","status":"publish","type":"post","link":"https:\/\/infoveracruz.com.mx\/index.php\/2026\/04\/27\/acusa-alcaldesa-de-veracruz-dano-patrimonial-por-concesion-de-alumbrado-publico-heredada-de-administracion-anterior\/","title":{"rendered":"Acusa alcaldesa de Veracruz da\u00f1o patrimonial por concesi\u00f3n de alumbrado p\u00fablico heredada de administraci\u00f3n anterior"},"content":{"rendered":"\n<p><br>Susana Cruz.<\/p>\n\n\n\n<p><br>Veracruz, Ver.- 27 de abril de 2026.- Un presunto adeudo por 2 mil 800 millones de pesos derivado de la concesi\u00f3n del alumbrado p\u00fablico fue se\u00f1alado por la alcaldesa Rosa Mar\u00eda Hern\u00e1ndez Espejo.<\/p>\n\n\n\n<p><br>Responsabiliz\u00f3 al exalcalde y actual diputado local, Fernando Yunes M\u00e1rquez, de haber generado un da\u00f1o patrimonial al municipio.<br>Dijo que en 2017 lo contrataron por 600 millones de pesos y en el 2018 subi\u00f3 a 2 mil 800 millones de pesos.<\/p>\n\n\n\n<p><br>Lo anterior surge luego de que el legislador local advirtiera que el proceso de requisa del servicio debe realizarse dentro del marco legal, ya que podr\u00eda representar riesgos econ\u00f3micos y jur\u00eddicos para el Ayuntamiento y futuras administraciones, al tratarse de un contrato de concesi\u00f3n a\u00fan vigente.<\/p>\n\n\n\n<p><br>Ante ello, Hern\u00e1ndez Espejo sostuvo que su gobierno ya inici\u00f3 el procedimiento legal para retomar el control del servicio concesionado a la empresa Wanderclyffe Veracruz Puerto, precisando que se ha otorgado el derecho de audiencia correspondiente a la compa\u00f1\u00eda.<\/p>\n\n\n\n<p><br>Cabe recordar que el cabildo de Veracruz aprob\u00f3 recientemente la requisa del alumbrado p\u00fablico, lo que permitir\u00e1 suspender pagos mensuales cercanos a los 16 millones de pesos, mientras contin\u00faa el proceso jur\u00eddico para la posible rescisi\u00f3n del contrato y la municipalizaci\u00f3n del servicio.<\/p>\n\n\n\n<h1 class=\"wp-block-heading\">alumbrado #veracruz #FernandoYunes<\/h1>\n","protected":false},"excerpt":{"rendered":"<p>Susana Cruz. Veracruz, Ver.- 27 de abril de 2026.- Un presunto adeudo por 2 mil&#8230;<\/p>\n","protected":false},"author":2,"featured_media":63326,"comment_status":"closed","ping_status":"closed","sticky":false,"template":"","format":"standard","meta":{"_monsterinsights_skip_tracking":false,"_monsterinsights_sitenote_active":false,"_monsterinsights_sitenote_note":"","_monsterinsights_sitenote_category":0,"footnotes":""},"categories":[111],"tags":[],"class_list":["post-63324","post","type-post","status-publish","format-standard","has-post-thumbnail","hentry","category-local"],"_links":{"self":[{"href":"https:\/\/infoveracruz.com.mx\/index.php\/wp-json\/wp\/v2\/posts\/63324","targetHints":{"allow":["GET"]}}],"collection":[{"href":"https:\/\/infoveracruz.com.mx\/index.php\/wp-json\/wp\/v2\/posts"}],"about":[{"href":"https:\/\/infoveracruz.com.mx\/index.php\/wp-json\/wp\/v2\/types\/post"}],"author":[{"embeddable":true,"href":"https:\/\/infoveracruz.com.mx\/index.php\/wp-json\/wp\/v2\/users\/2"}],"replies":[{"embeddable":true,"href":"https:\/\/infoveracruz.com.mx\/index.php\/wp-json\/wp\/v2\/comments?post=63324"}],"version-history":[{"count":1,"href":"https:\/\/infoveracruz.com.mx\/index.php\/wp-json\/wp\/v2\/posts\/63324\/revisions"}],"predecessor-version":[{"id":63327,"href":"https:\/\/infoveracruz.com.mx\/index.php\/wp-json\/wp\/v2\/posts\/63324\/revisions\/63327"}],"wp:featuredmedia":[{"embeddable":true,"href":"https:\/\/infoveracruz.com.mx\/index.php\/wp-json\/wp\/v2\/media\/63326"}],"wp:attachment":[{"href":"https:\/\/infoveracruz.com.mx\/index.php\/wp-json\/wp\/v2\/media?parent=63324"}],"wp:term":[{"taxonomy":"category","embeddable":true,"href":"https:\/\/infoveracruz.com.mx\/index.php\/wp-json\/wp\/v2\/categories?post=63324"},{"taxonomy":"post_tag","embeddable":true,"href":"https:\/\/infoveracruz.com.mx\/index.php\/wp-json\/wp\/v2\/tags?post=63324"}],"curies":[{"name":"wp","href":"https:\/\/api.w.org\/{rel}","templated":true}]}}