{"id":63321,"date":"2026-04-27T11:18:17","date_gmt":"2026-04-27T16:18:17","guid":{"rendered":"https:\/\/infoveracruz.com.mx\/?p=63321"},"modified":"2026-04-27T11:18:20","modified_gmt":"2026-04-27T16:18:20","slug":"protestan-por-falta-de-mantenimiento-en-la-primaria-alfonso-arroyo","status":"publish","type":"post","link":"https:\/\/infoveracruz.com.mx\/index.php\/2026\/04\/27\/protestan-por-falta-de-mantenimiento-en-la-primaria-alfonso-arroyo\/","title":{"rendered":"Protestan por falta de mantenimiento en la primaria Alfonso Arroyo"},"content":{"rendered":"\n<p>Susana Cruz.<\/p>\n\n\n\n<p><br>Veracruz, Ver. 27 de abril de 2026.- Padres de familia de la escuela primaria Alfonso Arroyo Flores, ubicado en V\u00edas F\u00e9rreas, se manifestaron y bloquearon el acceso al plantel para exigir la intervenci\u00f3n de autoridades educativas, ante las malas condiciones de la infraestructura que ya provocan afectaciones a la salud de los alumnos.<\/p>\n\n\n\n<p><br>Adriana Reyes, madre de familia, explic\u00f3 que desde el pasado 16 de marzo se registraron da\u00f1os severos en los salones, lo que oblig\u00f3 a suspender el uso de varios espacios y a improvisar clases en condiciones inadecuadas.<\/p>\n\n\n\n<p><br>Los inconformes dijeron que al menos cuatro aulas quedaron inhabilitadas por el riesgo que representan las estructuras, construidas con materiales como pl\u00e1stico y fibra de vidrio, lo que adem\u00e1s se generaron problemas de salud entre los estudiantes.<\/p>\n\n\n\n<p><br>Debido a esta situaci\u00f3n, los padres se manifestaron y advirtieron que no liberar\u00e1n las instalaciones ni la vialidad hasta que la Secretar\u00eda de Educaci\u00f3n atienda la problem\u00e1tica y garantice la rehabilitaci\u00f3n total del plantel.<\/p>\n","protected":false},"excerpt":{"rendered":"<p>Susana Cruz. Veracruz, Ver. 27 de abril de 2026.- Padres de familia de la escuela&#8230;<\/p>\n","protected":false},"author":2,"featured_media":63322,"comment_status":"closed","ping_status":"closed","sticky":false,"template":"","format":"standard","meta":{"_monsterinsights_skip_tracking":false,"_monsterinsights_sitenote_active":false,"_monsterinsights_sitenote_note":"","_monsterinsights_sitenote_category":0,"footnotes":""},"categories":[111],"tags":[],"class_list":["post-63321","post","type-post","status-publish","format-standard","has-post-thumbnail","hentry","category-local"],"_links":{"self":[{"href":"https:\/\/infoveracruz.com.mx\/index.php\/wp-json\/wp\/v2\/posts\/63321","targetHints":{"allow":["GET"]}}],"collection":[{"href":"https:\/\/infoveracruz.com.mx\/index.php\/wp-json\/wp\/v2\/posts"}],"about":[{"href":"https:\/\/infoveracruz.com.mx\/index.php\/wp-json\/wp\/v2\/types\/post"}],"author":[{"embeddable":true,"href":"https:\/\/infoveracruz.com.mx\/index.php\/wp-json\/wp\/v2\/users\/2"}],"replies":[{"embeddable":true,"href":"https:\/\/infoveracruz.com.mx\/index.php\/wp-json\/wp\/v2\/comments?post=63321"}],"version-history":[{"count":1,"href":"https:\/\/infoveracruz.com.mx\/index.php\/wp-json\/wp\/v2\/posts\/63321\/revisions"}],"predecessor-version":[{"id":63323,"href":"https:\/\/infoveracruz.com.mx\/index.php\/wp-json\/wp\/v2\/posts\/63321\/revisions\/63323"}],"wp:featuredmedia":[{"embeddable":true,"href":"https:\/\/infoveracruz.com.mx\/index.php\/wp-json\/wp\/v2\/media\/63322"}],"wp:attachment":[{"href":"https:\/\/infoveracruz.com.mx\/index.php\/wp-json\/wp\/v2\/media?parent=63321"}],"wp:term":[{"taxonomy":"category","embeddable":true,"href":"https:\/\/infoveracruz.com.mx\/index.php\/wp-json\/wp\/v2\/categories?post=63321"},{"taxonomy":"post_tag","embeddable":true,"href":"https:\/\/infoveracruz.com.mx\/index.php\/wp-json\/wp\/v2\/tags?post=63321"}],"curies":[{"name":"wp","href":"https:\/\/api.w.org\/{rel}","templated":true}]}}