{"id":63317,"date":"2026-04-27T11:05:47","date_gmt":"2026-04-27T16:05:47","guid":{"rendered":"https:\/\/infoveracruz.com.mx\/?p=63317"},"modified":"2026-04-27T11:05:51","modified_gmt":"2026-04-27T16:05:51","slug":"localizan-muerto-al-cuarto-y-ultimo-minero-atrapado-en-la-mina-sinaloa","status":"publish","type":"post","link":"https:\/\/infoveracruz.com.mx\/index.php\/2026\/04\/27\/localizan-muerto-al-cuarto-y-ultimo-minero-atrapado-en-la-mina-sinaloa\/","title":{"rendered":"Localizan muerto al cuarto y \u00faltimo minero atrapado en la mina Sinaloa"},"content":{"rendered":"\n<p><br>Danytza Flores<\/p>\n\n\n\n<p><\/p>\n\n\n\n<p><br>Sinaloa, 27 de abril de 2026.- Fue localizado sin vida al cuarto y \u00faltimo minero atrapado en el derrumbe en la mina Santa Fe, en El Rosario, Sinaloa, tras 33 d\u00edas de operaciones ininterrumpidas.<br>Fue identificado como Leandro Isidro Beltr\u00e1n Res\u00e9ndiz, de 54 a\u00f1os y originario de Zimap\u00e1n, Hidalgo.<br>En un comunicado, la Coordinaci\u00f3n Nacional de Protecci\u00f3n Civil, el hallazgo ocurri\u00f3 a las 2:15 de la madrugada tras labores de b\u00fasqueda.<br>Tras la localizaci\u00f3n, se notific\u00f3 a la Fiscal\u00eda General del Estado de Sinaloa para iniciar los protocolos correspondientes. Peritos estatales se trasladaron al sitio para llevar a cabo el proceso de recuperaci\u00f3n del cuerpo conforme a los procedimientos legales.<br>Con este hecho concluye la b\u00fasqueda de los cuatro trabajadores que quedaron atrapados tras el colapso en el yacimiento.<br>El derrumbe ocurri\u00f3 el pasado 25 de marzo, alrededor de las 15:00 h local, cuando colaps\u00f3 la presa de jales al interior de la mina, estructura donde se acumulan los residuos de la extracci\u00f3n.<br>Al momento del siniestro hab\u00eda 25 trabajadores dentro del yacimiento, de los que 21 lograron salir por sus propios medios y cuatro quedaron atrapados.<br>Tras los trabajos de rescate, fueron localizados con vida Jos\u00e9 Alejandro C\u00e1stulo Col\u00edn, la noche del 29 de marzo, y Francisco Zapata N\u00e1jera, el 7 de abril.<br>Asimismo, el 8 de abril fue recuperado el cuerpo sin vida de Abraham Aguilera Aguilera.<br>Tras el hallazgo del \u00faltimo minero, el Gobierno y las autoridades locales aseguraron que mantienen el compromiso de brindar acompa\u00f1amiento y apoyo a la familia de Leandro Isidro Beltr\u00e1n Res\u00e9ndiz durante este proceso.<\/p>\n\n\n\n<h1 class=\"wp-block-heading\">Localizan #sinvida #\u00faltimo #minero #atrapado #mina #SantaFe # Sinaloa #33d\u00edas #labores<\/h1>\n","protected":false},"excerpt":{"rendered":"<p>Danytza Flores Sinaloa, 27 de abril de 2026.- Fue localizado sin vida al cuarto y&#8230;<\/p>\n","protected":false},"author":2,"featured_media":63319,"comment_status":"closed","ping_status":"closed","sticky":false,"template":"","format":"standard","meta":{"_monsterinsights_skip_tracking":false,"_monsterinsights_sitenote_active":false,"_monsterinsights_sitenote_note":"","_monsterinsights_sitenote_category":0,"footnotes":""},"categories":[111],"tags":[],"class_list":["post-63317","post","type-post","status-publish","format-standard","has-post-thumbnail","hentry","category-local"],"_links":{"self":[{"href":"https:\/\/infoveracruz.com.mx\/index.php\/wp-json\/wp\/v2\/posts\/63317","targetHints":{"allow":["GET"]}}],"collection":[{"href":"https:\/\/infoveracruz.com.mx\/index.php\/wp-json\/wp\/v2\/posts"}],"about":[{"href":"https:\/\/infoveracruz.com.mx\/index.php\/wp-json\/wp\/v2\/types\/post"}],"author":[{"embeddable":true,"href":"https:\/\/infoveracruz.com.mx\/index.php\/wp-json\/wp\/v2\/users\/2"}],"replies":[{"embeddable":true,"href":"https:\/\/infoveracruz.com.mx\/index.php\/wp-json\/wp\/v2\/comments?post=63317"}],"version-history":[{"count":1,"href":"https:\/\/infoveracruz.com.mx\/index.php\/wp-json\/wp\/v2\/posts\/63317\/revisions"}],"predecessor-version":[{"id":63320,"href":"https:\/\/infoveracruz.com.mx\/index.php\/wp-json\/wp\/v2\/posts\/63317\/revisions\/63320"}],"wp:featuredmedia":[{"embeddable":true,"href":"https:\/\/infoveracruz.com.mx\/index.php\/wp-json\/wp\/v2\/media\/63319"}],"wp:attachment":[{"href":"https:\/\/infoveracruz.com.mx\/index.php\/wp-json\/wp\/v2\/media?parent=63317"}],"wp:term":[{"taxonomy":"category","embeddable":true,"href":"https:\/\/infoveracruz.com.mx\/index.php\/wp-json\/wp\/v2\/categories?post=63317"},{"taxonomy":"post_tag","embeddable":true,"href":"https:\/\/infoveracruz.com.mx\/index.php\/wp-json\/wp\/v2\/tags?post=63317"}],"curies":[{"name":"wp","href":"https:\/\/api.w.org\/{rel}","templated":true}]}}