{"id":63313,"date":"2026-04-27T09:57:24","date_gmt":"2026-04-27T14:57:24","guid":{"rendered":"https:\/\/infoveracruz.com.mx\/?p=63313"},"modified":"2026-04-27T09:57:27","modified_gmt":"2026-04-27T14:57:27","slug":"caballos-sufren-desmayos-en-cabalgata-de-veracruz","status":"publish","type":"post","link":"https:\/\/infoveracruz.com.mx\/index.php\/2026\/04\/27\/caballos-sufren-desmayos-en-cabalgata-de-veracruz\/","title":{"rendered":"Caballos sufren desmayos en Cabalgata de Veracruz"},"content":{"rendered":"\n<p>Redacci\u00f3n InfoVeracruz. <\/p>\n\n\n\n<p>Veracruz, Ver. Debido a la ola de calor que azota el puerto de Veracruz, la cabalgata que marc\u00f3 el cierre del Primer Congreso Nacional del Caballo Veracruz 2026 tuvo como saldo varios equinos desmayados.<\/p>\n\n\n\n<p><br>Las cr\u00edticas en redes sociales no se hicieron esperar ech\u00e1ndoles en cara a los organizadores que las temperaturas rozaron cifras r\u00e9cord y pese a ello sobre el concreto hirviendo pusieron a caminar a los cuacos.<\/p>\n\n\n\n<p><br>Y es que asociaciones protectoras de animales reprocharon que ese tipo de exhibiciones egoc\u00e9ntricas pertenecen al pasado y deber\u00edan terminar ya que solamente ponen en riesgo a los caballos.<\/p>\n","protected":false},"excerpt":{"rendered":"<p>Redacci\u00f3n InfoVeracruz. Veracruz, Ver. Debido a la ola de calor que azota el puerto de&#8230;<\/p>\n","protected":false},"author":2,"featured_media":63314,"comment_status":"closed","ping_status":"closed","sticky":false,"template":"","format":"standard","meta":{"_monsterinsights_skip_tracking":false,"_monsterinsights_sitenote_active":false,"_monsterinsights_sitenote_note":"","_monsterinsights_sitenote_category":0,"footnotes":""},"categories":[111],"tags":[],"class_list":["post-63313","post","type-post","status-publish","format-standard","has-post-thumbnail","hentry","category-local"],"_links":{"self":[{"href":"https:\/\/infoveracruz.com.mx\/index.php\/wp-json\/wp\/v2\/posts\/63313","targetHints":{"allow":["GET"]}}],"collection":[{"href":"https:\/\/infoveracruz.com.mx\/index.php\/wp-json\/wp\/v2\/posts"}],"about":[{"href":"https:\/\/infoveracruz.com.mx\/index.php\/wp-json\/wp\/v2\/types\/post"}],"author":[{"embeddable":true,"href":"https:\/\/infoveracruz.com.mx\/index.php\/wp-json\/wp\/v2\/users\/2"}],"replies":[{"embeddable":true,"href":"https:\/\/infoveracruz.com.mx\/index.php\/wp-json\/wp\/v2\/comments?post=63313"}],"version-history":[{"count":1,"href":"https:\/\/infoveracruz.com.mx\/index.php\/wp-json\/wp\/v2\/posts\/63313\/revisions"}],"predecessor-version":[{"id":63315,"href":"https:\/\/infoveracruz.com.mx\/index.php\/wp-json\/wp\/v2\/posts\/63313\/revisions\/63315"}],"wp:featuredmedia":[{"embeddable":true,"href":"https:\/\/infoveracruz.com.mx\/index.php\/wp-json\/wp\/v2\/media\/63314"}],"wp:attachment":[{"href":"https:\/\/infoveracruz.com.mx\/index.php\/wp-json\/wp\/v2\/media?parent=63313"}],"wp:term":[{"taxonomy":"category","embeddable":true,"href":"https:\/\/infoveracruz.com.mx\/index.php\/wp-json\/wp\/v2\/categories?post=63313"},{"taxonomy":"post_tag","embeddable":true,"href":"https:\/\/infoveracruz.com.mx\/index.php\/wp-json\/wp\/v2\/tags?post=63313"}],"curies":[{"name":"wp","href":"https:\/\/api.w.org\/{rel}","templated":true}]}}