{"id":63306,"date":"2026-04-27T09:29:25","date_gmt":"2026-04-27T14:29:25","guid":{"rendered":"https:\/\/infoveracruz.com.mx\/?p=63306"},"modified":"2026-04-27T09:29:29","modified_gmt":"2026-04-27T14:29:29","slug":"se-manifiestan-en-la-telesecundaria-alfonso-reyes-exigen-maestros","status":"publish","type":"post","link":"https:\/\/infoveracruz.com.mx\/index.php\/2026\/04\/27\/se-manifiestan-en-la-telesecundaria-alfonso-reyes-exigen-maestros\/","title":{"rendered":"Se manifiestan en la telesecundaria Alfonso Reyes, exigen maestros"},"content":{"rendered":"\n<p><br>Susana Cruz.<\/p>\n\n\n\n<p><br>Veracruz, Ver.- 27 de abril de 2026.- Padres de familia de la telesecundaria \u201cAlfonso Reyes\u201d, ubicada en la colonia El Vergel, denunciaron la falta de docentes y exigieron a la Secretar\u00eda de Educaci\u00f3n de Veracruz la asignaci\u00f3n inmediata de maestros, ante la negativa de continuar cubriendo con recursos propios un servicio que corresponde al Estado.<br>La se\u00f1ora Karla dijo que la problem\u00e1tica se ha vuelto recurrente cada vez que un profesor se jubila, sin que la autoridad educativa env\u00ede sustitutos.<br>Ante la ausencia de personal, tuvieron que organizarse para contratar docentes particulares, lo que representa una carga econ\u00f3mica insostenible.<br>Advirtieron que esta falta de cobertura docente est\u00e1 generando una sobrecarga en los grupos, que actualmente alcanzan m\u00e1s de 30 alumnos y podr\u00edan incrementarse hasta 40 por sal\u00f3n si no se atiende la demanda.<br>Asimismo, denunciaron irregularidades en la asignaci\u00f3n de docentes, ya que algunos maestros fueron enviados desde otras localidades bajo esquemas de pago incompletos, lo que complica su permanencia.<br>Mandaron de otras escuelas y les est\u00e1n pagando el 60 por ciento, incluso tienen que regresar a sus lugares de origen a cobrar, se\u00f1alaron.<br>Exigieron a las autoridades educativas en Xalapa para que atiendan la situaci\u00f3n y den una soluci\u00f3n definitiva.<\/p>\n\n\n\n<h1 class=\"wp-block-heading\">telesecundaria #maestros #SEV<\/h1>\n","protected":false},"excerpt":{"rendered":"<p>Susana Cruz. Veracruz, Ver.- 27 de abril de 2026.- Padres de familia de la telesecundaria&#8230;<\/p>\n","protected":false},"author":2,"featured_media":63307,"comment_status":"closed","ping_status":"closed","sticky":false,"template":"","format":"standard","meta":{"_monsterinsights_skip_tracking":false,"_monsterinsights_sitenote_active":false,"_monsterinsights_sitenote_note":"","_monsterinsights_sitenote_category":0,"footnotes":""},"categories":[111],"tags":[],"class_list":["post-63306","post","type-post","status-publish","format-standard","has-post-thumbnail","hentry","category-local"],"_links":{"self":[{"href":"https:\/\/infoveracruz.com.mx\/index.php\/wp-json\/wp\/v2\/posts\/63306","targetHints":{"allow":["GET"]}}],"collection":[{"href":"https:\/\/infoveracruz.com.mx\/index.php\/wp-json\/wp\/v2\/posts"}],"about":[{"href":"https:\/\/infoveracruz.com.mx\/index.php\/wp-json\/wp\/v2\/types\/post"}],"author":[{"embeddable":true,"href":"https:\/\/infoveracruz.com.mx\/index.php\/wp-json\/wp\/v2\/users\/2"}],"replies":[{"embeddable":true,"href":"https:\/\/infoveracruz.com.mx\/index.php\/wp-json\/wp\/v2\/comments?post=63306"}],"version-history":[{"count":1,"href":"https:\/\/infoveracruz.com.mx\/index.php\/wp-json\/wp\/v2\/posts\/63306\/revisions"}],"predecessor-version":[{"id":63308,"href":"https:\/\/infoveracruz.com.mx\/index.php\/wp-json\/wp\/v2\/posts\/63306\/revisions\/63308"}],"wp:featuredmedia":[{"embeddable":true,"href":"https:\/\/infoveracruz.com.mx\/index.php\/wp-json\/wp\/v2\/media\/63307"}],"wp:attachment":[{"href":"https:\/\/infoveracruz.com.mx\/index.php\/wp-json\/wp\/v2\/media?parent=63306"}],"wp:term":[{"taxonomy":"category","embeddable":true,"href":"https:\/\/infoveracruz.com.mx\/index.php\/wp-json\/wp\/v2\/categories?post=63306"},{"taxonomy":"post_tag","embeddable":true,"href":"https:\/\/infoveracruz.com.mx\/index.php\/wp-json\/wp\/v2\/tags?post=63306"}],"curies":[{"name":"wp","href":"https:\/\/api.w.org\/{rel}","templated":true}]}}