{"id":63303,"date":"2026-04-27T08:15:20","date_gmt":"2026-04-27T13:15:20","guid":{"rendered":"https:\/\/infoveracruz.com.mx\/?p=63303"},"modified":"2026-04-27T08:15:23","modified_gmt":"2026-04-27T13:15:23","slug":"violento-asalto-a-tienda-sears-de-plaza-nuevo-veracruz","status":"publish","type":"post","link":"https:\/\/infoveracruz.com.mx\/index.php\/2026\/04\/27\/violento-asalto-a-tienda-sears-de-plaza-nuevo-veracruz\/","title":{"rendered":"Violento asalto a tienda SEARS de Plaza Nuevo Veracruz"},"content":{"rendered":"\n<p><\/p>\n\n\n\n<p>Nuevo golpe de la delincuencia a empresa de Carlos Slim en Veracruz.<\/p>\n\n\n\n<p>Jorge Hern\u00e1ndez.<\/p>\n\n\n\n<p>Veracruz, Ver, Tres hombres armados tomaron por asalto la tienda SEARS Nuevo Veracruz, en este puerto, amagando a empleadas del departamento de joyer\u00eda y con un marro \u201creventaron\u201d los cristales de vitrinas para robar 900 prendas de oro, despu\u00e9s huyeron a bordo de una motocicleta.<\/p>\n\n\n\n<p>A las 19:05 horas del domingo, Adolfo \u201cN\u201d, jefe de prevenci\u00f3n de la tienda SEARS, de la Plaza Nuevo Veracruz, escuch\u00f3 la voz de un hombre que grit\u00f3 y orden\u00f3, \u201ct\u00edrense todos al piso, r\u00e1pido\u201d, permaneciendo en el sitio donde estaba y escuch\u00f3 como, a marrazos, golpeaban una vitrina.<\/p>\n\n\n\n<p>En esa vitrina hab\u00eda pulseras, cadenas, dijes, broqueles, anillos y argollas, casi 900 prendas en oro de 14 kilates, cuando el jefe de prevenci\u00f3n alz\u00f3 la mirada pudo observar que eran tres criminales con armas de fuego.<\/p>\n\n\n\n<p>Depositaron las prendas en una bolsa color blanco y, cuando ten\u00edan el bot\u00edn en su poder, salieron corriendo para subir a una motocicleta color negro con una de las salpicaderas en color blanco, sin placas.<\/p>\n\n\n\n<p>Instantes despu\u00e9s arrib\u00f3 el polic\u00eda estatal Ruiz Hern\u00e1ndez, en la patrulla SP-4156, quien encontr\u00f3 la vitrina con los cristales estrellados y sin ninguna de las joyas que estaba en exhibici\u00f3n, se sabe que el bot\u00edn superar\u00eda los 200 mil pesos.<\/p>\n\n\n\n<p>Por la mec\u00e1nica del robo con violencia, la SSP y la Marina sospechan que se trate de los mismos criminales que, hace unos d\u00edas, atracaron la tienda SEARS del centro del puerto de Veracruz, se inici\u00f3 la b\u00fasqueda de los tres asaltantes, pero no han sido detenidos.<\/p>\n","protected":false},"excerpt":{"rendered":"<p>Nuevo golpe de la delincuencia a empresa de Carlos Slim en Veracruz. Jorge Hern\u00e1ndez. Veracruz,&#8230;<\/p>\n","protected":false},"author":2,"featured_media":63304,"comment_status":"closed","ping_status":"closed","sticky":false,"template":"","format":"standard","meta":{"_monsterinsights_skip_tracking":false,"_monsterinsights_sitenote_active":false,"_monsterinsights_sitenote_note":"","_monsterinsights_sitenote_category":0,"footnotes":""},"categories":[111],"tags":[],"class_list":["post-63303","post","type-post","status-publish","format-standard","has-post-thumbnail","hentry","category-local"],"_links":{"self":[{"href":"https:\/\/infoveracruz.com.mx\/index.php\/wp-json\/wp\/v2\/posts\/63303","targetHints":{"allow":["GET"]}}],"collection":[{"href":"https:\/\/infoveracruz.com.mx\/index.php\/wp-json\/wp\/v2\/posts"}],"about":[{"href":"https:\/\/infoveracruz.com.mx\/index.php\/wp-json\/wp\/v2\/types\/post"}],"author":[{"embeddable":true,"href":"https:\/\/infoveracruz.com.mx\/index.php\/wp-json\/wp\/v2\/users\/2"}],"replies":[{"embeddable":true,"href":"https:\/\/infoveracruz.com.mx\/index.php\/wp-json\/wp\/v2\/comments?post=63303"}],"version-history":[{"count":1,"href":"https:\/\/infoveracruz.com.mx\/index.php\/wp-json\/wp\/v2\/posts\/63303\/revisions"}],"predecessor-version":[{"id":63305,"href":"https:\/\/infoveracruz.com.mx\/index.php\/wp-json\/wp\/v2\/posts\/63303\/revisions\/63305"}],"wp:featuredmedia":[{"embeddable":true,"href":"https:\/\/infoveracruz.com.mx\/index.php\/wp-json\/wp\/v2\/media\/63304"}],"wp:attachment":[{"href":"https:\/\/infoveracruz.com.mx\/index.php\/wp-json\/wp\/v2\/media?parent=63303"}],"wp:term":[{"taxonomy":"category","embeddable":true,"href":"https:\/\/infoveracruz.com.mx\/index.php\/wp-json\/wp\/v2\/categories?post=63303"},{"taxonomy":"post_tag","embeddable":true,"href":"https:\/\/infoveracruz.com.mx\/index.php\/wp-json\/wp\/v2\/tags?post=63303"}],"curies":[{"name":"wp","href":"https:\/\/api.w.org\/{rel}","templated":true}]}}