{"id":63300,"date":"2026-04-26T15:12:34","date_gmt":"2026-04-26T20:12:34","guid":{"rendered":"https:\/\/infoveracruz.com.mx\/?p=63300"},"modified":"2026-04-26T15:21:48","modified_gmt":"2026-04-26T20:21:48","slug":"detienen-al-alcalde-de-tlalnepantla-morelos-por-presunto-abuso-sexual","status":"publish","type":"post","link":"https:\/\/infoveracruz.com.mx\/index.php\/2026\/04\/26\/detienen-al-alcalde-de-tlalnepantla-morelos-por-presunto-abuso-sexual\/","title":{"rendered":"Detienen al alcalde de Tlalnepantla, Morelos, por presunto abuso sexual"},"content":{"rendered":"\n<p><br>Danytza Flores.<\/p>\n\n\n\n<p><br>Cuernavaca, Mor, 26 de abril de 2026.- El presidente municipal de Tlalnepantla, Morelos, Jorge Armando \u201cN\u201d, fue detenido por probables hechos delictivos, sacudiendo el escenario pol\u00edtico local.<\/p>\n\n\n\n<p><br>Su detenci\u00f3n se da, tras ubicar al edil presuntamente en una situaci\u00f3n de car\u00e1cter sexual con una menor, seg\u00fan los primeros informes policiales. Este hallazgo deriv\u00f3 en su aseguramiento inmediato y su puesta a disposici\u00f3n de las autoridades competentes.<br>El arrest\u00f3 ocurri\u00f3 la noche del s\u00e1bado cuando circulaba a bordo de un veh\u00edculo en la carretera Yautepec-Tlayacapan, por elementos de la Polic\u00eda Municipal.<\/p>\n\n\n\n<p><br>Jorge Armando \u201cN\u201d fue trasladado a la comandancia conocida como Torre XXI, donde se iniciaron las diligencias correspondientes.<br>En un comunicado oficial, la Fiscal\u00eda confirm\u00f3 la detenci\u00f3n de Jorge Armando &#8220;N&#8221;, y que fue puesto a disposici\u00f3n del ministerio p\u00fablico de la Fiscal\u00eda de la Regi\u00f3n Oriente, aunque no especific\u00f3 la acusaci\u00f3n en su contra.<\/p>\n\n\n\n<p><br>Se espera que en las pr\u00f3ximas horas se defina su situaci\u00f3n jur\u00eddica.<\/p>\n\n\n\n<p><br>Jorge Armando asumi\u00f3 el cargo a inicios de 2025 tras ganar los comicios de 2024 emanado del Partido Encuentro Solidario y despu\u00e9s anunci\u00f3 su cambio a Morena.<\/p>\n\n\n\n<h1 class=\"wp-block-heading\">#Detienen #alcalde #Tlalnepantla, Morelos #presunto #abusosexual<\/h1>\n","protected":false},"excerpt":{"rendered":"<p>Danytza Flores. Cuernavaca, Mor, 26 de abril de 2026.- El presidente municipal de Tlalnepantla, Morelos,&#8230;<\/p>\n","protected":false},"author":2,"featured_media":63302,"comment_status":"closed","ping_status":"closed","sticky":false,"template":"","format":"standard","meta":{"_monsterinsights_skip_tracking":false,"_monsterinsights_sitenote_active":false,"_monsterinsights_sitenote_note":"","_monsterinsights_sitenote_category":0,"footnotes":""},"categories":[113],"tags":[],"class_list":["post-63300","post","type-post","status-publish","format-standard","has-post-thumbnail","hentry","category-nacional"],"_links":{"self":[{"href":"https:\/\/infoveracruz.com.mx\/index.php\/wp-json\/wp\/v2\/posts\/63300","targetHints":{"allow":["GET"]}}],"collection":[{"href":"https:\/\/infoveracruz.com.mx\/index.php\/wp-json\/wp\/v2\/posts"}],"about":[{"href":"https:\/\/infoveracruz.com.mx\/index.php\/wp-json\/wp\/v2\/types\/post"}],"author":[{"embeddable":true,"href":"https:\/\/infoveracruz.com.mx\/index.php\/wp-json\/wp\/v2\/users\/2"}],"replies":[{"embeddable":true,"href":"https:\/\/infoveracruz.com.mx\/index.php\/wp-json\/wp\/v2\/comments?post=63300"}],"version-history":[{"count":1,"href":"https:\/\/infoveracruz.com.mx\/index.php\/wp-json\/wp\/v2\/posts\/63300\/revisions"}],"predecessor-version":[{"id":63301,"href":"https:\/\/infoveracruz.com.mx\/index.php\/wp-json\/wp\/v2\/posts\/63300\/revisions\/63301"}],"wp:featuredmedia":[{"embeddable":true,"href":"https:\/\/infoveracruz.com.mx\/index.php\/wp-json\/wp\/v2\/media\/63302"}],"wp:attachment":[{"href":"https:\/\/infoveracruz.com.mx\/index.php\/wp-json\/wp\/v2\/media?parent=63300"}],"wp:term":[{"taxonomy":"category","embeddable":true,"href":"https:\/\/infoveracruz.com.mx\/index.php\/wp-json\/wp\/v2\/categories?post=63300"},{"taxonomy":"post_tag","embeddable":true,"href":"https:\/\/infoveracruz.com.mx\/index.php\/wp-json\/wp\/v2\/tags?post=63300"}],"curies":[{"name":"wp","href":"https:\/\/api.w.org\/{rel}","templated":true}]}}