{"id":63295,"date":"2026-04-26T14:38:18","date_gmt":"2026-04-26T19:38:18","guid":{"rendered":"https:\/\/infoveracruz.com.mx\/?p=63295"},"modified":"2026-04-26T14:38:21","modified_gmt":"2026-04-26T19:38:21","slug":"veracruz-tiene-representante-para-miss-universe-mexico-2026","status":"publish","type":"post","link":"https:\/\/infoveracruz.com.mx\/index.php\/2026\/04\/26\/veracruz-tiene-representante-para-miss-universe-mexico-2026\/","title":{"rendered":"Veracruz tiene representante para Miss Universe M\u00e9xico 2026"},"content":{"rendered":"\n<p><br>Danytza Flores.<\/p>\n\n\n\n<p><br>Veracruz, Ver, 26 de abril de 2026.- G\u00e9nesis Vera Fern\u00e1ndez es la representante oficial del estado de Veracruz para la edici\u00f3n 2026 de Miss Universe M\u00e9xico.<br>Con una trayectoria destacada en los cert\u00e1menes de belleza, la veracruzana se perfila como una de las competidoras m\u00e1s fuertes rumbo a la corona nacional.<br>G\u00e9nesis Vera Fern\u00e1ndez, cuenta con una s\u00f3lida preparaci\u00f3n profesional y experiencia internacional, y se encuentra lista para representar con orgullo a Veracruz.<br>Su participaci\u00f3n apuesta por el trabajo social y el impacto comunitario, utilizando el certamen como una plataforma para amplificar causas altruistas y fomentar la empat\u00eda.<br>G\u00e9nesis Vera, es licenciada en Idiomas, con dominio del ingl\u00e9s y el italiano, fue coronada previamente como Miss Earth M\u00e9xico 2025, logrando clasificar en el Top 12 internacional y ganando el premio People&#8217;s Choice en Filipinas.<br>El Museo de la Ciudad de Veracruz se visti\u00f3 de gala, transformando sus hist\u00f3ricos pasillos en el escenario perfecto para dar una calurosa bienvenida a la veracruzana.<br>Presentes en el evento estuvieron: la presidenta del DIF Municipal de Veracruz, Daniela Lily Hern\u00e1ndez; la Maestra Norma Leonor Victoria Mendoza Gonz\u00e1lez, Regidora Quinta; Esa\u00fa Hern\u00e1ndez, Regidor Sexto; Roc\u00edo Campa de la Miyar, regidora Octava; Patricia Huesca Abarca, regidora D\u00e9cima y la Profesora Mar\u00eda Indira Dom\u00ednguez Ram\u00f3n, directora de Cultura y Recreaci\u00f3n.<br>Cabe se\u00f1alar que el pr\u00f3ximo 28 de mayo de 2026, se presentar\u00e1 formalmente al grupo completo de las 32 candidatas estatales. certamen para elegir a la sucesora de la actual Miss Universe (F\u00e1tima Bosch) se realizar\u00e1 en septiembre de 2026, en Puerto Rico.<\/p>\n\n\n\n<h1 class=\"wp-block-heading\">MissUniverseM\u00e9xico #confirma #oficialmente #G\u00e9nesisVeraFern\u00e1ndez #representante #Veracruz #edici\u00f3n #2026<\/h1>\n","protected":false},"excerpt":{"rendered":"<p>Danytza Flores. Veracruz, Ver, 26 de abril de 2026.- G\u00e9nesis Vera Fern\u00e1ndez es la representante&#8230;<\/p>\n","protected":false},"author":2,"featured_media":63297,"comment_status":"closed","ping_status":"closed","sticky":false,"template":"","format":"standard","meta":{"_monsterinsights_skip_tracking":false,"_monsterinsights_sitenote_active":false,"_monsterinsights_sitenote_note":"","_monsterinsights_sitenote_category":0,"footnotes":""},"categories":[111],"tags":[],"class_list":["post-63295","post","type-post","status-publish","format-standard","has-post-thumbnail","hentry","category-local"],"_links":{"self":[{"href":"https:\/\/infoveracruz.com.mx\/index.php\/wp-json\/wp\/v2\/posts\/63295","targetHints":{"allow":["GET"]}}],"collection":[{"href":"https:\/\/infoveracruz.com.mx\/index.php\/wp-json\/wp\/v2\/posts"}],"about":[{"href":"https:\/\/infoveracruz.com.mx\/index.php\/wp-json\/wp\/v2\/types\/post"}],"author":[{"embeddable":true,"href":"https:\/\/infoveracruz.com.mx\/index.php\/wp-json\/wp\/v2\/users\/2"}],"replies":[{"embeddable":true,"href":"https:\/\/infoveracruz.com.mx\/index.php\/wp-json\/wp\/v2\/comments?post=63295"}],"version-history":[{"count":1,"href":"https:\/\/infoveracruz.com.mx\/index.php\/wp-json\/wp\/v2\/posts\/63295\/revisions"}],"predecessor-version":[{"id":63298,"href":"https:\/\/infoveracruz.com.mx\/index.php\/wp-json\/wp\/v2\/posts\/63295\/revisions\/63298"}],"wp:featuredmedia":[{"embeddable":true,"href":"https:\/\/infoveracruz.com.mx\/index.php\/wp-json\/wp\/v2\/media\/63297"}],"wp:attachment":[{"href":"https:\/\/infoveracruz.com.mx\/index.php\/wp-json\/wp\/v2\/media?parent=63295"}],"wp:term":[{"taxonomy":"category","embeddable":true,"href":"https:\/\/infoveracruz.com.mx\/index.php\/wp-json\/wp\/v2\/categories?post=63295"},{"taxonomy":"post_tag","embeddable":true,"href":"https:\/\/infoveracruz.com.mx\/index.php\/wp-json\/wp\/v2\/tags?post=63295"}],"curies":[{"name":"wp","href":"https:\/\/api.w.org\/{rel}","templated":true}]}}