{"id":63292,"date":"2026-04-26T13:43:21","date_gmt":"2026-04-26T18:43:21","guid":{"rendered":"https:\/\/infoveracruz.com.mx\/?p=63292"},"modified":"2026-04-26T13:43:23","modified_gmt":"2026-04-26T18:43:23","slug":"habra-feria-de-carreras-este-lunes-y-martes-en-el-tecnologico-de-veracruz-abiertas-inscripciones","status":"publish","type":"post","link":"https:\/\/infoveracruz.com.mx\/index.php\/2026\/04\/26\/habra-feria-de-carreras-este-lunes-y-martes-en-el-tecnologico-de-veracruz-abiertas-inscripciones\/","title":{"rendered":"Habr\u00e1 feria de carreras este lunes y martes en el Tecnol\u00f3gico de Veracruz; abiertas inscripciones"},"content":{"rendered":"\n<p><br>Danytza Flores.<\/p>\n\n\n\n<p><br>Veracruz, Ver, 26 de abril de 2026.-Este lunes 27 y 28 de abril, el Tecnol\u00f3gico Nacional de M\u00e9xico campus Veracruz, realizar\u00e1 una feria de carreras con el objetivo de promocionar los distintos programas acad\u00e9micos con que cuenta la instituci\u00f3n.<br>La subdirectora acad\u00e9mica, Mar\u00eda Guadalupe Aguilar Uscanga, inform\u00f3 que la actividad se realizar\u00e1 en un horario de 9:00 a 17:00 horas dentro del campus con acceso gratuito.<br>La intenci\u00f3n que los aspirantes a cursar alguna carrera profesional puedan tener acercamiento con la instituci\u00f3n y conozcan las diferentes ingenier\u00edas y licenciaturas que ofertan.<br>En ese marco, indic\u00f3 que habr\u00e1 un m\u00f3dulo especial para las y los j\u00f3venes que est\u00e9n interesados en cursar en alguna de las carreras puedan recibir su ficha de inscripci\u00f3n.<br>Aunque la invitaci\u00f3n se hizo previamente a todos los bachilleratos de la zona conurbada, la acad\u00e9mica manifest\u00f3 que la convocatoria est\u00e1 abierta al p\u00fablico en general.<br>Debido a que este a\u00f1o estrenar\u00e1n un nuevo edificio que albergar\u00e1 las carreras administrativas, el Tecnol\u00f3gico Nacional de M\u00e9xico campus Veracruz, tendr\u00e1 una capacidad para incrementar 150 espacios m\u00e1s para aspirantes de nuevo ingreso.<br>El Instituto Tecnol\u00f3gico de Veracruz mantiene abierto su proceso de inscripci\u00f3n para el ciclo escolar agosto\u2013diciembre 2026, con registro disponible hasta el pr\u00f3ximo 12 de mayo.<br>El costo de la ficha de admisi\u00f3n tiene un costo de 1,803 pesos y el examen de admisi\u00f3n se llevar\u00e1 a cabo el 20 de mayo.<br>Para mayores detalles, la convocatoria se encuentra disponible en el portal electr\u00f3nico del instituto: https:\/\/www.veracruz.tecnm.mx\/index.php .<\/p>\n\n\n\n<h1 class=\"wp-block-heading\">Invitan #feriadecarreras #Tecnol\u00f3gicodeVeracruz #abierta #inscripsciones<\/h1>\n","protected":false},"excerpt":{"rendered":"<p>Danytza Flores. Veracruz, Ver, 26 de abril de 2026.-Este lunes 27 y 28 de abril,&#8230;<\/p>\n","protected":false},"author":2,"featured_media":63293,"comment_status":"closed","ping_status":"closed","sticky":false,"template":"","format":"standard","meta":{"_monsterinsights_skip_tracking":false,"_monsterinsights_sitenote_active":false,"_monsterinsights_sitenote_note":"","_monsterinsights_sitenote_category":0,"footnotes":""},"categories":[111],"tags":[],"class_list":["post-63292","post","type-post","status-publish","format-standard","has-post-thumbnail","hentry","category-local"],"_links":{"self":[{"href":"https:\/\/infoveracruz.com.mx\/index.php\/wp-json\/wp\/v2\/posts\/63292","targetHints":{"allow":["GET"]}}],"collection":[{"href":"https:\/\/infoveracruz.com.mx\/index.php\/wp-json\/wp\/v2\/posts"}],"about":[{"href":"https:\/\/infoveracruz.com.mx\/index.php\/wp-json\/wp\/v2\/types\/post"}],"author":[{"embeddable":true,"href":"https:\/\/infoveracruz.com.mx\/index.php\/wp-json\/wp\/v2\/users\/2"}],"replies":[{"embeddable":true,"href":"https:\/\/infoveracruz.com.mx\/index.php\/wp-json\/wp\/v2\/comments?post=63292"}],"version-history":[{"count":1,"href":"https:\/\/infoveracruz.com.mx\/index.php\/wp-json\/wp\/v2\/posts\/63292\/revisions"}],"predecessor-version":[{"id":63294,"href":"https:\/\/infoveracruz.com.mx\/index.php\/wp-json\/wp\/v2\/posts\/63292\/revisions\/63294"}],"wp:featuredmedia":[{"embeddable":true,"href":"https:\/\/infoveracruz.com.mx\/index.php\/wp-json\/wp\/v2\/media\/63293"}],"wp:attachment":[{"href":"https:\/\/infoveracruz.com.mx\/index.php\/wp-json\/wp\/v2\/media?parent=63292"}],"wp:term":[{"taxonomy":"category","embeddable":true,"href":"https:\/\/infoveracruz.com.mx\/index.php\/wp-json\/wp\/v2\/categories?post=63292"},{"taxonomy":"post_tag","embeddable":true,"href":"https:\/\/infoveracruz.com.mx\/index.php\/wp-json\/wp\/v2\/tags?post=63292"}],"curies":[{"name":"wp","href":"https:\/\/api.w.org\/{rel}","templated":true}]}}