{"id":63289,"date":"2026-04-26T12:49:03","date_gmt":"2026-04-26T17:49:03","guid":{"rendered":"https:\/\/infoveracruz.com.mx\/?p=63289"},"modified":"2026-04-26T12:49:06","modified_gmt":"2026-04-26T17:49:06","slug":"afirma-trump-que-el-sospechoso-del-tiroteo-en-washington-actuo-por-motivos-anticristianos","status":"publish","type":"post","link":"https:\/\/infoveracruz.com.mx\/index.php\/2026\/04\/26\/afirma-trump-que-el-sospechoso-del-tiroteo-en-washington-actuo-por-motivos-anticristianos\/","title":{"rendered":"Afirma Trump que el sospechoso del tiroteo en Washington actu\u00f3 por motivos anticristianos"},"content":{"rendered":"\n<p><br>Danytza Flores.<\/p>\n\n\n\n<p><br>Veracruz, Ver. El autor del tiroteo ocurrido anoche en la cena de corresponsales de la Casa Blanca actu\u00f3 movido por un &#8220;odio&#8221; profundo hacia los cristianos, afirm\u00f3 el presidente de Estados Unidos, Donald Trump.<br>El mandatario se bas\u00f3 en un manifiesto y en informaci\u00f3n recabada por las autoridades tras el incidente.<br>En una entrevista telef\u00f3nica con la cadena Fox News, Trump describi\u00f3 al atacante como un tipo muy problem\u00e1tico, cuyos motivos, ten\u00edan un trasfondo religioso radical.<br>Trump asegur\u00f3 que la propia familia del atacante estaba al tanto de sus dificultades y tendencias violentas, criticando la falta de actuaci\u00f3n.<br>El fiscal general de EU, Todd Blanch, por su parte ha reconocido que el objetivo del presunto tirador, era tanto el presidente como otros miembros de su Gobierno. Sin embargo se ha mostrado cauteloso y ha dejado claro que la investigaci\u00f3n apenas cumple sus primeras 24 horas y el motivo oficial sigue bajo an\u00e1lisis.<br>Por lo pronto, detall\u00f3 que el presunto agresor es Cole Tomas Allen, un profesor y programador inform\u00e1tico de California y actu\u00f3 en solitario.<br>El sospechoso se encuentra bajo custodia hospitalaria para una evaluaci\u00f3n y por el momento no est\u00e1 colaborando con las autoridades y se espera que este lunes comparezca ante un tribunal federal en el Distrito de Columbia para enfrentar cargos formales.<br>Cabe recordar que la noche del sabado, el presidente estadounidense, Donald Trump, junto con su esposa, Melania Trump asistieron a la cena anual de la Asociaci\u00f3n de Corresponsales de la Casa Blanca, celebrada en un hotel en Washington, cuando un hombre que portaba varias armas evadi\u00f3 un control de seguridad en el hotel Hilton de Washington e intercambi\u00f3 disparos con agentes del orden antes de ser detenido.<br>Es de mencionar que se trata del tercer atentado que sufre Trump; el primero ocurro en julio de 2024, una bala le roz\u00f3 la oreja en un intento de asesinato en un mitin de campa\u00f1a en Pensilvania; el segundo ocurri\u00f3 meses despu\u00e9s, cuando un agente federal dispar\u00f3 contra un hombre armado en el club de golf de Trump en Florida y ahora el del s\u00e1bado durante la cena de la Asociaci\u00f3n de Corresponsales de la Casa Blanca.<\/p>\n\n\n\n<h1 class=\"wp-block-heading\">#Presidente #Donald Trump #describe #sospechoso #ataque #s\u00e1bado #odio #anticristianos<\/h1>\n","protected":false},"excerpt":{"rendered":"<p>Danytza Flores. Veracruz, Ver. El autor del tiroteo ocurrido anoche en la cena de corresponsales&#8230;<\/p>\n","protected":false},"author":2,"featured_media":63290,"comment_status":"closed","ping_status":"closed","sticky":false,"template":"","format":"standard","meta":{"_monsterinsights_skip_tracking":false,"_monsterinsights_sitenote_active":false,"_monsterinsights_sitenote_note":"","_monsterinsights_sitenote_category":0,"footnotes":""},"categories":[111],"tags":[],"class_list":["post-63289","post","type-post","status-publish","format-standard","has-post-thumbnail","hentry","category-local"],"_links":{"self":[{"href":"https:\/\/infoveracruz.com.mx\/index.php\/wp-json\/wp\/v2\/posts\/63289","targetHints":{"allow":["GET"]}}],"collection":[{"href":"https:\/\/infoveracruz.com.mx\/index.php\/wp-json\/wp\/v2\/posts"}],"about":[{"href":"https:\/\/infoveracruz.com.mx\/index.php\/wp-json\/wp\/v2\/types\/post"}],"author":[{"embeddable":true,"href":"https:\/\/infoveracruz.com.mx\/index.php\/wp-json\/wp\/v2\/users\/2"}],"replies":[{"embeddable":true,"href":"https:\/\/infoveracruz.com.mx\/index.php\/wp-json\/wp\/v2\/comments?post=63289"}],"version-history":[{"count":1,"href":"https:\/\/infoveracruz.com.mx\/index.php\/wp-json\/wp\/v2\/posts\/63289\/revisions"}],"predecessor-version":[{"id":63291,"href":"https:\/\/infoveracruz.com.mx\/index.php\/wp-json\/wp\/v2\/posts\/63289\/revisions\/63291"}],"wp:featuredmedia":[{"embeddable":true,"href":"https:\/\/infoveracruz.com.mx\/index.php\/wp-json\/wp\/v2\/media\/63290"}],"wp:attachment":[{"href":"https:\/\/infoveracruz.com.mx\/index.php\/wp-json\/wp\/v2\/media?parent=63289"}],"wp:term":[{"taxonomy":"category","embeddable":true,"href":"https:\/\/infoveracruz.com.mx\/index.php\/wp-json\/wp\/v2\/categories?post=63289"},{"taxonomy":"post_tag","embeddable":true,"href":"https:\/\/infoveracruz.com.mx\/index.php\/wp-json\/wp\/v2\/tags?post=63289"}],"curies":[{"name":"wp","href":"https:\/\/api.w.org\/{rel}","templated":true}]}}