{"id":63286,"date":"2026-04-26T10:33:03","date_gmt":"2026-04-26T15:33:03","guid":{"rendered":"https:\/\/infoveracruz.com.mx\/?p=63286"},"modified":"2026-04-26T10:33:05","modified_gmt":"2026-04-26T15:33:05","slug":"invitan-a-participar-a-la-creacion-del-himno-de-la-parroquia-de-santa-ana-rumbo-a-su-aniversario","status":"publish","type":"post","link":"https:\/\/infoveracruz.com.mx\/index.php\/2026\/04\/26\/invitan-a-participar-a-la-creacion-del-himno-de-la-parroquia-de-santa-ana-rumbo-a-su-aniversario\/","title":{"rendered":"Invitan a participar a la creaci\u00f3n del Himno de la Parroquia de Santa Ana, rumbo a su aniversario"},"content":{"rendered":"\n<p><br>Danytza Flores.<\/p>\n\n\n\n<p><br>Boca del R\u00edo, Ver, 26 de abril de 2026.-De cara a la celebraci\u00f3n de los 250 a\u00f1os de historia y fe, la comunidad de la parroquia de Nuestra Se\u00f1ora de Santa Ana invitan a participar en la creaci\u00f3n del Himno Oficial Conmemorativo.<\/p>\n\n\n\n<p><br>El p\u00e1rroco del templo, Guillermo Arturo Ram\u00edrez Mart\u00ednez inform\u00f3 que la convocatoria es abierta por lo que pueden participan compositores, m\u00fasicos, agrupaciones y fielesen general de manera individual o colectiva.<\/p>\n\n\n\n<p><br>Se pretende la creaci\u00f3n de un himno que represente a la Se\u00f1ora Santa Ana, identidad, historia, los valores de la fe, unidad y a la comunidad que han acompa\u00f1ado a los largo de los 250 a\u00f1os.<\/p>\n\n\n\n<p><br>Las caracter\u00edsticas que deber\u00e1 cumplir la obra musical son las siguientes:<\/p>\n\n\n\n<p><br>La composici\u00f3n deber\u00e1 ser original e in\u00e9dita<br>La letra deber\u00e1 destacar la historia de la fe, y el sentido de nuestra se\u00f1ora Santa Ana<br>El estilo musical es libre, procurando que sea adecuado para interpretaciones comunitarias.<br>La entrega de la pieza musical deber\u00e1 entregarse de la siguiente manera:<br>Letra del himno en formato digital o impreso.<br>Audio o maqueta musical (opcional pero recomendable).<br>Datos del autor o autores (nombre y contactos).<br>El plazo para la recepci\u00f3n de los proyectos musicales cerrar\u00e1 el 20 de mayo de 2026 en la oficina parroquial en un horario de 4:00 a 6:30 pm de la tarde con un donativo de 100 pesos.<br>La publicaci\u00f3n del ganador se realizar\u00e1 el 25 de mayo del presente a\u00f1o.<br>Las propuestas ser\u00e1n evaluadas por personalidades distinguidas en el \u00e1mbito musical y la comunidad parroquial, priorizando originalidad, in\u00e9dito y creativo. Se sugiere evitar el uso de Inteligencia Artificial.<\/p>\n\n\n\n<p><br>Precis\u00f3 que la pieza ganadora se ejecutar\u00e1 durante los actos c\u00edvicos y religiosos del aniversario y el autor obtendr\u00e1 una distinci\u00f3n institucional. #Convoca #parroco #iglesia #Nuestrase\u00f1oradeSantaAna #participar #himno<\/p>\n","protected":false},"excerpt":{"rendered":"<p>Danytza Flores. Boca del R\u00edo, Ver, 26 de abril de 2026.-De cara a la celebraci\u00f3n&#8230;<\/p>\n","protected":false},"author":2,"featured_media":63287,"comment_status":"closed","ping_status":"closed","sticky":false,"template":"","format":"standard","meta":{"_monsterinsights_skip_tracking":false,"_monsterinsights_sitenote_active":false,"_monsterinsights_sitenote_note":"","_monsterinsights_sitenote_category":0,"footnotes":""},"categories":[111],"tags":[],"class_list":["post-63286","post","type-post","status-publish","format-standard","has-post-thumbnail","hentry","category-local"],"_links":{"self":[{"href":"https:\/\/infoveracruz.com.mx\/index.php\/wp-json\/wp\/v2\/posts\/63286","targetHints":{"allow":["GET"]}}],"collection":[{"href":"https:\/\/infoveracruz.com.mx\/index.php\/wp-json\/wp\/v2\/posts"}],"about":[{"href":"https:\/\/infoveracruz.com.mx\/index.php\/wp-json\/wp\/v2\/types\/post"}],"author":[{"embeddable":true,"href":"https:\/\/infoveracruz.com.mx\/index.php\/wp-json\/wp\/v2\/users\/2"}],"replies":[{"embeddable":true,"href":"https:\/\/infoveracruz.com.mx\/index.php\/wp-json\/wp\/v2\/comments?post=63286"}],"version-history":[{"count":1,"href":"https:\/\/infoveracruz.com.mx\/index.php\/wp-json\/wp\/v2\/posts\/63286\/revisions"}],"predecessor-version":[{"id":63288,"href":"https:\/\/infoveracruz.com.mx\/index.php\/wp-json\/wp\/v2\/posts\/63286\/revisions\/63288"}],"wp:featuredmedia":[{"embeddable":true,"href":"https:\/\/infoveracruz.com.mx\/index.php\/wp-json\/wp\/v2\/media\/63287"}],"wp:attachment":[{"href":"https:\/\/infoveracruz.com.mx\/index.php\/wp-json\/wp\/v2\/media?parent=63286"}],"wp:term":[{"taxonomy":"category","embeddable":true,"href":"https:\/\/infoveracruz.com.mx\/index.php\/wp-json\/wp\/v2\/categories?post=63286"},{"taxonomy":"post_tag","embeddable":true,"href":"https:\/\/infoveracruz.com.mx\/index.php\/wp-json\/wp\/v2\/tags?post=63286"}],"curies":[{"name":"wp","href":"https:\/\/api.w.org\/{rel}","templated":true}]}}