{"id":63241,"date":"2026-04-24T14:31:34","date_gmt":"2026-04-24T19:31:34","guid":{"rendered":"https:\/\/infoveracruz.com.mx\/?p=63241"},"modified":"2026-04-24T14:31:41","modified_gmt":"2026-04-24T19:31:41","slug":"participaran-148-sindicatos-en-la-concentracion-del-dia-del-trabajo","status":"publish","type":"post","link":"https:\/\/infoveracruz.com.mx\/index.php\/2026\/04\/24\/participaran-148-sindicatos-en-la-concentracion-del-dia-del-trabajo\/","title":{"rendered":"Participar\u00e1n 148 sindicatos en la concentraci\u00f3n del D\u00eda del Trabajo"},"content":{"rendered":"\n<p>En Veracruz.<\/p>\n\n\n\n<p><br>Susana Cruz<\/p>\n\n\n\n<p><br>Veracruz, Ver.- La conmemoraci\u00f3n del D\u00eda del Trabajo en Veracruz se realizar\u00e1 con una concentraci\u00f3n masiva en la Macroplaza del Malec\u00f3n, donde miles de trabajadores expondr\u00e1n demandas, propuestas y posicionamientos ante autoridades y representantes de distintos sectores.<\/p>\n\n\n\n<p><br>Leonel P\u00e9rez Herrera, presidente del Congreso del Trabajo en el estado, inform\u00f3 que el evento reunir\u00e1 a organizaciones sindicales en un formato distinto al tradicional desfile.<\/p>\n\n\n\n<p><br>Se prev\u00e9 una asistencia de entre 5 y 7 mil personas, con la participaci\u00f3n confirmada de aproximadamente 148 organizaciones sindicales, adem\u00e1s de la invitaci\u00f3n abierta a agrupaciones no adheridas para sumarse al evento.<\/p>\n\n\n\n<p><br>P\u00e9rez Herrera dijo que la concentraci\u00f3n permitir\u00e1 visibilizar tanto exigencias como planteamientos de mejora en distintos sectores laborales, se busca privilegiar el di\u00e1logo y el respeto entre trabajadores, autoridades y empleadores.<\/p>\n\n\n\n<p><br>Entre las principales demandas que se prev\u00e9 abordar destacan temas como salud, educaci\u00f3n, vivienda, empleo digno, adem\u00e1s de la vigilancia en la aplicaci\u00f3n de reformas laborales.<\/p>\n\n\n\n<p><br>El evento contar\u00e1 con la invitaci\u00f3n a representantes de los tres niveles de gobierno, as\u00ed como integrantes del Poder Legislativo, Judicial y del sector empresarial, con el objetivo de consolidar un espacio de expresi\u00f3n colectiva en el marco del Primero de Mayo.<\/p>\n","protected":false},"excerpt":{"rendered":"<p>En Veracruz. Susana Cruz Veracruz, Ver.- La conmemoraci\u00f3n del D\u00eda del Trabajo en Veracruz se&#8230;<\/p>\n","protected":false},"author":2,"featured_media":63242,"comment_status":"closed","ping_status":"closed","sticky":false,"template":"","format":"standard","meta":{"_monsterinsights_skip_tracking":false,"_monsterinsights_sitenote_active":false,"_monsterinsights_sitenote_note":"","_monsterinsights_sitenote_category":0,"footnotes":""},"categories":[111],"tags":[],"class_list":["post-63241","post","type-post","status-publish","format-standard","has-post-thumbnail","hentry","category-local"],"_links":{"self":[{"href":"https:\/\/infoveracruz.com.mx\/index.php\/wp-json\/wp\/v2\/posts\/63241","targetHints":{"allow":["GET"]}}],"collection":[{"href":"https:\/\/infoveracruz.com.mx\/index.php\/wp-json\/wp\/v2\/posts"}],"about":[{"href":"https:\/\/infoveracruz.com.mx\/index.php\/wp-json\/wp\/v2\/types\/post"}],"author":[{"embeddable":true,"href":"https:\/\/infoveracruz.com.mx\/index.php\/wp-json\/wp\/v2\/users\/2"}],"replies":[{"embeddable":true,"href":"https:\/\/infoveracruz.com.mx\/index.php\/wp-json\/wp\/v2\/comments?post=63241"}],"version-history":[{"count":1,"href":"https:\/\/infoveracruz.com.mx\/index.php\/wp-json\/wp\/v2\/posts\/63241\/revisions"}],"predecessor-version":[{"id":63243,"href":"https:\/\/infoveracruz.com.mx\/index.php\/wp-json\/wp\/v2\/posts\/63241\/revisions\/63243"}],"wp:featuredmedia":[{"embeddable":true,"href":"https:\/\/infoveracruz.com.mx\/index.php\/wp-json\/wp\/v2\/media\/63242"}],"wp:attachment":[{"href":"https:\/\/infoveracruz.com.mx\/index.php\/wp-json\/wp\/v2\/media?parent=63241"}],"wp:term":[{"taxonomy":"category","embeddable":true,"href":"https:\/\/infoveracruz.com.mx\/index.php\/wp-json\/wp\/v2\/categories?post=63241"},{"taxonomy":"post_tag","embeddable":true,"href":"https:\/\/infoveracruz.com.mx\/index.php\/wp-json\/wp\/v2\/tags?post=63241"}],"curies":[{"name":"wp","href":"https:\/\/api.w.org\/{rel}","templated":true}]}}