{"id":63161,"date":"2026-04-22T12:05:49","date_gmt":"2026-04-22T17:05:49","guid":{"rendered":"https:\/\/infoveracruz.com.mx\/?p=63161"},"modified":"2026-04-22T12:05:53","modified_gmt":"2026-04-22T17:05:53","slug":"alcaldesa-maryjose-gamboa-anuncia-convocatoria-para-afiliar-a-beneficiarios-del-centro-medico-municipal-santa-ana","status":"publish","type":"post","link":"https:\/\/infoveracruz.com.mx\/index.php\/2026\/04\/22\/alcaldesa-maryjose-gamboa-anuncia-convocatoria-para-afiliar-a-beneficiarios-del-centro-medico-municipal-santa-ana\/","title":{"rendered":"Alcaldesa Maryjose Gamboa anuncia convocatoria para afiliar a beneficiarios del Centro M\u00e9dico Municipal Santa Ana"},"content":{"rendered":"\n<p>Redacci\u00f3n InfoVeracruz.<\/p>\n\n\n\n<p>Veracruz, Ver.- La Alcaldesa de Boca del R\u00edo, Maryjose Gamboa Torales, anunci\u00f3 que, tal como se hab\u00eda comprometido, hoy es una promesa cumplida con el inicio del proceso de afiliaci\u00f3n para el primer gran centro m\u00e9dico municipal, el Centro M\u00e9dico Boque\u00f1o Santa Ana, una acci\u00f3n hist\u00f3rica que busca garantizar el acceso a servicios de salud dignos para la poblaci\u00f3n que no cuenta con atenci\u00f3n m\u00e9dica.<\/p>\n\n\n\n<p>Este programa representa un paso firme del Gobierno Municipal para acercar servicios m\u00e9dicos gratuitos y de calidad a miles de familias, contribuyendo directamente al bienestar y a la econom\u00eda de los hogares boque\u00f1os.<\/p>\n\n\n\n<p>\u201c10 mil boque\u00f1os van a tener consultas m\u00e9dicas gratuitas, an\u00e1lisis cl\u00ednicos gratuitos, medicamentos gratuitos, pero adem\u00e1s servicio dental y servicio de un oftalm\u00f3logo y cada uno de estos 10 mil boque\u00f1os afiliados van a poder llevar hasta tres ni\u00f1os\u201d, destac\u00f3 la Presidenta Municipal.<\/p>\n\n\n\n<p>Para formar parte de este programa, los interesados deber\u00e1n presentar acta de nacimiento, comprobante de domicilio vigente y credencial de elector, con el objetivo de acreditar su residencia en el municipio.<\/p>\n\n\n\n<p>El proceso de afiliaci\u00f3n est\u00e1 a cargo de Remigio Ortiz Sol\u00eds, Director de Desarrollo Social, quien inform\u00f3 que esta etapa inicial se llevar\u00e1 a cabo en la Cabecera Municipal, as\u00ed como en las colonias Revoluci\u00f3n, H\u00edpico, Estatuto Jur\u00eddico, El Morro, Tampiquera, Lomas del Mar y Villa Rica, facilitando el acceso directo a este beneficio.<\/p>\n\n\n\n<p>Con estas acciones, el Gobierno Municipal de Boca del R\u00edo reafirma su compromiso de garantizar una salud digna, accesible y gratuita, especialmente para quienes m\u00e1s lo necesitan, consolidando una administraci\u00f3n cercana, sensible y enfocada en mejorar la calidad de vida de las y los boque\u00f1os.<\/p>\n","protected":false},"excerpt":{"rendered":"<p>Redacci\u00f3n InfoVeracruz. Veracruz, Ver.- La Alcaldesa de Boca del R\u00edo, Maryjose Gamboa Torales, anunci\u00f3 que,&#8230;<\/p>\n","protected":false},"author":2,"featured_media":63162,"comment_status":"closed","ping_status":"closed","sticky":false,"template":"","format":"standard","meta":{"_monsterinsights_skip_tracking":false,"_monsterinsights_sitenote_active":false,"_monsterinsights_sitenote_note":"","_monsterinsights_sitenote_category":0,"footnotes":""},"categories":[111],"tags":[],"class_list":["post-63161","post","type-post","status-publish","format-standard","has-post-thumbnail","hentry","category-local"],"_links":{"self":[{"href":"https:\/\/infoveracruz.com.mx\/index.php\/wp-json\/wp\/v2\/posts\/63161","targetHints":{"allow":["GET"]}}],"collection":[{"href":"https:\/\/infoveracruz.com.mx\/index.php\/wp-json\/wp\/v2\/posts"}],"about":[{"href":"https:\/\/infoveracruz.com.mx\/index.php\/wp-json\/wp\/v2\/types\/post"}],"author":[{"embeddable":true,"href":"https:\/\/infoveracruz.com.mx\/index.php\/wp-json\/wp\/v2\/users\/2"}],"replies":[{"embeddable":true,"href":"https:\/\/infoveracruz.com.mx\/index.php\/wp-json\/wp\/v2\/comments?post=63161"}],"version-history":[{"count":1,"href":"https:\/\/infoveracruz.com.mx\/index.php\/wp-json\/wp\/v2\/posts\/63161\/revisions"}],"predecessor-version":[{"id":63163,"href":"https:\/\/infoveracruz.com.mx\/index.php\/wp-json\/wp\/v2\/posts\/63161\/revisions\/63163"}],"wp:featuredmedia":[{"embeddable":true,"href":"https:\/\/infoveracruz.com.mx\/index.php\/wp-json\/wp\/v2\/media\/63162"}],"wp:attachment":[{"href":"https:\/\/infoveracruz.com.mx\/index.php\/wp-json\/wp\/v2\/media?parent=63161"}],"wp:term":[{"taxonomy":"category","embeddable":true,"href":"https:\/\/infoveracruz.com.mx\/index.php\/wp-json\/wp\/v2\/categories?post=63161"},{"taxonomy":"post_tag","embeddable":true,"href":"https:\/\/infoveracruz.com.mx\/index.php\/wp-json\/wp\/v2\/tags?post=63161"}],"curies":[{"name":"wp","href":"https:\/\/api.w.org\/{rel}","templated":true}]}}