{"id":62892,"date":"2026-04-15T11:34:48","date_gmt":"2026-04-15T16:34:48","guid":{"rendered":"https:\/\/infoveracruz.com.mx\/?p=62892"},"modified":"2026-04-15T11:34:51","modified_gmt":"2026-04-15T16:34:51","slug":"reconoce-alcaldesa-impulso-de-gobernadora-rocio-nahle-a-la-ciudad-de-veracruz","status":"publish","type":"post","link":"https:\/\/infoveracruz.com.mx\/index.php\/2026\/04\/15\/reconoce-alcaldesa-impulso-de-gobernadora-rocio-nahle-a-la-ciudad-de-veracruz\/","title":{"rendered":"Reconoce alcaldesa impulso de gobernadora Roc\u00edo Nahle a la ciudad de Veracruz"},"content":{"rendered":"\n<p>Redacci\u00f3n InfoVeracruz. <\/p>\n\n\n\n<p>Veracruz, Ver. La alcaldesa de Veracruz, Rosa Mar\u00eda Hern\u00e1ndez Espejo, agradeci\u00f3 el anuncio realizado por la gobernadora Roc\u00edo Nahle Garc\u00eda sobre acciones en infraestructura, movilidad y desarrollo urbano, al destacar que representan un respaldo importante para atender necesidades prioritarias de la ciudad.<\/p>\n\n\n\n<p>Se\u00f1al\u00f3 que proyectos como los distribuidores viales, la pavimentaci\u00f3n y el fortalecimiento del transporte p\u00fablico contribuir\u00e1n a mejorar la movilidad en el municipio, especialmente en zonas de alta circulaci\u00f3n y crecimiento, facilitando los traslados diarios y la din\u00e1mica econ\u00f3mica.<\/p>\n\n\n\n<p>Tambi\u00e9n destac\u00f3 los planteamientos para el rescate del Centro Hist\u00f3rico, donde se prev\u00e9 intervenir inmuebles en abandono y recuperar espacios urbanos, as\u00ed como la atenci\u00f3n al mercado Hidalgo, considerado un punto fundamental para la actividad comercial y la vida cotidiana de miles de personas.<\/p>\n\n\n\n<p>Enfatiz\u00f3 que su administraci\u00f3n mantendr\u00e1 una coordinaci\u00f3n permanente con el Gobierno del Estado para acompa\u00f1ar estas acciones, particularmente en servicios b\u00e1sicos y desarrollo urbano, con el objetivo de que se traduzcan en beneficios concretos para las y los veracruzanos.<\/p>\n","protected":false},"excerpt":{"rendered":"<p>Redacci\u00f3n InfoVeracruz. Veracruz, Ver. La alcaldesa de Veracruz, Rosa Mar\u00eda Hern\u00e1ndez Espejo, agradeci\u00f3 el anuncio&#8230;<\/p>\n","protected":false},"author":2,"featured_media":62893,"comment_status":"closed","ping_status":"closed","sticky":false,"template":"","format":"standard","meta":{"_monsterinsights_skip_tracking":false,"_monsterinsights_sitenote_active":false,"_monsterinsights_sitenote_note":"","_monsterinsights_sitenote_category":0,"footnotes":""},"categories":[112],"tags":[],"class_list":["post-62892","post","type-post","status-publish","format-standard","has-post-thumbnail","hentry","category-estatal"],"_links":{"self":[{"href":"https:\/\/infoveracruz.com.mx\/index.php\/wp-json\/wp\/v2\/posts\/62892","targetHints":{"allow":["GET"]}}],"collection":[{"href":"https:\/\/infoveracruz.com.mx\/index.php\/wp-json\/wp\/v2\/posts"}],"about":[{"href":"https:\/\/infoveracruz.com.mx\/index.php\/wp-json\/wp\/v2\/types\/post"}],"author":[{"embeddable":true,"href":"https:\/\/infoveracruz.com.mx\/index.php\/wp-json\/wp\/v2\/users\/2"}],"replies":[{"embeddable":true,"href":"https:\/\/infoveracruz.com.mx\/index.php\/wp-json\/wp\/v2\/comments?post=62892"}],"version-history":[{"count":1,"href":"https:\/\/infoveracruz.com.mx\/index.php\/wp-json\/wp\/v2\/posts\/62892\/revisions"}],"predecessor-version":[{"id":62894,"href":"https:\/\/infoveracruz.com.mx\/index.php\/wp-json\/wp\/v2\/posts\/62892\/revisions\/62894"}],"wp:featuredmedia":[{"embeddable":true,"href":"https:\/\/infoveracruz.com.mx\/index.php\/wp-json\/wp\/v2\/media\/62893"}],"wp:attachment":[{"href":"https:\/\/infoveracruz.com.mx\/index.php\/wp-json\/wp\/v2\/media?parent=62892"}],"wp:term":[{"taxonomy":"category","embeddable":true,"href":"https:\/\/infoveracruz.com.mx\/index.php\/wp-json\/wp\/v2\/categories?post=62892"},{"taxonomy":"post_tag","embeddable":true,"href":"https:\/\/infoveracruz.com.mx\/index.php\/wp-json\/wp\/v2\/tags?post=62892"}],"curies":[{"name":"wp","href":"https:\/\/api.w.org\/{rel}","templated":true}]}}