{"id":62857,"date":"2026-04-14T09:57:43","date_gmt":"2026-04-14T14:57:43","guid":{"rendered":"https:\/\/infoveracruz.com.mx\/?p=62857"},"modified":"2026-04-14T09:57:46","modified_gmt":"2026-04-14T14:57:46","slug":"resbalon-politico-98","status":"publish","type":"post","link":"https:\/\/infoveracruz.com.mx\/index.php\/2026\/04\/14\/resbalon-politico-98\/","title":{"rendered":"Resbal\u00f3n Pol\u00edtico"},"content":{"rendered":"\n<p><\/p>\n\n\n\n<p>Jessica D\u00edaz.<\/p>\n\n\n\n<p>\u2014\u2014 Javier Herrera: \u00bfCon candidatura en la bolsa?<br>\u2014\u2014 Puente Boca-Alvarado, m\u00e1s dudas que certezas<\/p>\n\n\n\n<p>De pronto el distrito XVII con cabecera en Cosamaloapan comienza a ser el que acapara todas las miradas de la clase pol\u00edtica veracruzana.<br>Y es que es un hecho, al menos as\u00ed aseguran sus bi\u00f3grafos, que Javier Herrera Borunda va a buscar la curul federal por la v\u00eda uninominal y no solo eso sino tambi\u00e9n juran que ya la tiene \u201camarrada\u201d por la alianza Morena-PVEM-PT.<br>Se trata, cuentan, de un acuerdo que se desprende de las negociaciones que se hicieron entre morenos y verdes en el marco de la aprobaci\u00f3n del plan \u201cB\u201d de la Reforma Electoral.<br>En ese paquete entr\u00f3 el hijo del ex mandatario Fidel Herrera Beltr\u00e1n desplazando a un segundo plano a los aspirantes morenistas que ya empezaban a recorrer el distrito de la Cuenca del Papaloapan que inicia en Alvarado y culmina en Otatitlan.<br>Y es que en la regi\u00f3n la actual legisladora Margarita Corro Mendoza busca su reelecci\u00f3n, as\u00ed como tambi\u00e9n el diputado local Felipe Pineda Barradas se promueve en medios de comunicaci\u00f3n e incluso ya reapareci\u00f3 el ex secretario de Gobierno, Eric Cisneros Burgos, caminando el fin de semana pasado en Tlacotalpan.<br>Pero pese a no estar a\u00fan en territorio el actual diputado federal plurinominal ha \u201ctejido\u201d fino su candidatura en el altiplano al grado de tener la nominaci\u00f3n en la \u201cbolsa\u201d.<br>Un ejemplo es que en su oficina de San L\u00e1zaro Javier Herrera ya recibi\u00f3 a todos los alcaldes del distrito en donde no solamente hay ediles de la coalici\u00f3n sino que tambien existen otros que fueron abanderados por otras siglas como PAN, PRI y Movimiento Ciudadano.<br>De hecho esa es otra de sus fortalezas, pues el \u201ccachorro de la fidelidad\u201d es percibido como un pol\u00edtico que puede aglutinar a personajes de otras expresiones pol\u00edticas y una muestra es que todos los d\u00edas recibe visitas de veracruzanos.<br>Incluso el Partido del Trabajo que anda dando \u201cbandazos\u201d al interior de la coalici\u00f3n ya se comprometi\u00f3 en ese distrito a sumarse a la candidatura de Herrera Borunda.<br>Y por supuesto que habr\u00e1 morenistas que no van a estar de acuerdo, pero el CEN del partido guinda ya decidi\u00f3 que en Veracruz las candidaturas federales ser\u00e1n \u201cpalomeadas\u201d desde Ciudad de M\u00e9xico.<\/p>\n\n\n\n<p>\u2014\u2014<br>Entre los empresarios de la zona conurbada y de la Riviera Veracruzana se ha vuelto tema de conversaci\u00f3n la construcci\u00f3n del nuevo puente Boca del R\u00edo-Alvarado que fue anunciado por la gobernadora Roc\u00edo Nahle Garc\u00eda para iniciarse este mismo a\u00f1o.<br>Y es que hay dudas entre la gente de la iniciativa privada si realmente el proyecto se va a concretar porque se tendr\u00eda que realizar con recursos federales y se sabe que el gobierno no lo tiene presupuestado para este 2026, pese a que ya un grupo de contratistas conocidos como \u201cLos Bambinos\u201d comentan en los caf\u00e9s har\u00e1n esa obra.<\/p>\n","protected":false},"excerpt":{"rendered":"<p>Jessica D\u00edaz. \u2014\u2014 Javier Herrera: \u00bfCon candidatura en la bolsa?\u2014\u2014 Puente Boca-Alvarado, m\u00e1s dudas que&#8230;<\/p>\n","protected":false},"author":2,"featured_media":62858,"comment_status":"closed","ping_status":"closed","sticky":false,"template":"","format":"standard","meta":{"_monsterinsights_skip_tracking":false,"_monsterinsights_sitenote_active":false,"_monsterinsights_sitenote_note":"","_monsterinsights_sitenote_category":0,"footnotes":""},"categories":[721],"tags":[],"class_list":["post-62857","post","type-post","status-publish","format-standard","has-post-thumbnail","hentry","category-resbalon-politico-jessica-diaz"],"_links":{"self":[{"href":"https:\/\/infoveracruz.com.mx\/index.php\/wp-json\/wp\/v2\/posts\/62857","targetHints":{"allow":["GET"]}}],"collection":[{"href":"https:\/\/infoveracruz.com.mx\/index.php\/wp-json\/wp\/v2\/posts"}],"about":[{"href":"https:\/\/infoveracruz.com.mx\/index.php\/wp-json\/wp\/v2\/types\/post"}],"author":[{"embeddable":true,"href":"https:\/\/infoveracruz.com.mx\/index.php\/wp-json\/wp\/v2\/users\/2"}],"replies":[{"embeddable":true,"href":"https:\/\/infoveracruz.com.mx\/index.php\/wp-json\/wp\/v2\/comments?post=62857"}],"version-history":[{"count":1,"href":"https:\/\/infoveracruz.com.mx\/index.php\/wp-json\/wp\/v2\/posts\/62857\/revisions"}],"predecessor-version":[{"id":62859,"href":"https:\/\/infoveracruz.com.mx\/index.php\/wp-json\/wp\/v2\/posts\/62857\/revisions\/62859"}],"wp:featuredmedia":[{"embeddable":true,"href":"https:\/\/infoveracruz.com.mx\/index.php\/wp-json\/wp\/v2\/media\/62858"}],"wp:attachment":[{"href":"https:\/\/infoveracruz.com.mx\/index.php\/wp-json\/wp\/v2\/media?parent=62857"}],"wp:term":[{"taxonomy":"category","embeddable":true,"href":"https:\/\/infoveracruz.com.mx\/index.php\/wp-json\/wp\/v2\/categories?post=62857"},{"taxonomy":"post_tag","embeddable":true,"href":"https:\/\/infoveracruz.com.mx\/index.php\/wp-json\/wp\/v2\/tags?post=62857"}],"curies":[{"name":"wp","href":"https:\/\/api.w.org\/{rel}","templated":true}]}}