{"id":49265,"date":"2025-04-01T12:53:00","date_gmt":"2025-04-01T17:53:00","guid":{"rendered":"https:\/\/infoveracruz.com.mx\/?p=49265"},"modified":"2025-05-02T13:06:59","modified_gmt":"2025-05-02T18:06:59","slug":"asumen-siete-personas-el-cargo-de-diputada-o-diputado-local","status":"publish","type":"post","link":"https:\/\/infoveracruz.com.mx\/index.php\/2025\/04\/01\/asumen-siete-personas-el-cargo-de-diputada-o-diputado-local\/","title":{"rendered":"Asumen siete personas el cargo de diputada o diputado local"},"content":{"rendered":"\n<p>Redacci\u00f3n InfoVeracruz.<\/p>\n\n\n\n<p><\/p>\n\n\n\n<p>Xalapa, Ver., 01 de abril de 2025.- En cumplimiento con el Art\u00edculo 16 de la Ley Org\u00e1nica del Poder Legislativo y ante las licencias concedidas por el Pleno a diputadas y diputados propietarios, la presidencia de la Mesa Directiva, a cargo de la diputada Tanya Carola Viveros Ch\u00e1zaro, tom\u00f3 la protesta de ley a siete personas que asumen el cargo de diputadas y diputado a la LXVII Legislatura. <\/p>\n\n\n\n<p>En la primera sesi\u00f3n, del Segundo Periodo Ordinario, la comisi\u00f3n de cortes\u00eda, integrada por los diputados Esteban Bautista Hern\u00e1ndez, Carlos Marcelo Ruiz S\u00e1nchez y Enrique Cambranis Torres, as\u00ed como por la diputada Dulce Mar\u00eda Hern\u00e1ndez Tepole, recibi\u00f3 y condujo a las ciudadanas y ciudadano al recinto oficial de sesiones para la protesta de ley. <\/p>\n\n\n\n<p>A continuaci\u00f3n el nombre de la persona que asume el cargo de diputada o diputado y a quien suple: Amelia Luc\u00eda Mu\u00f1oz Errasquin por Janix Liliana Castro Mu\u00f1oz; Maddie Uscanga Hern\u00e1ndez, en lugar de Bertha Rosal\u00eda Ahued Malpica; Erika del Carmen Rosario Morales, por Rafael Gustavo Fararoni Maga\u00f1a; Roxana Barrag\u00e1n Hern\u00e1ndez, en lugar de Ang\u00e9lica Pe\u00f1a Mart\u00ednez; Nallely Mendoza Camarillo, por Igor Fidel Roj\u00ed L\u00f3pez; Hilda Nava Sese\u00f1a, en lugar de Indira de Jes\u00fas Rosales San Rom\u00e1n, y Facundo Fern\u00e1ndez de la Cruz, por Roberto Francisco San Rom\u00e1n Solana. Las diputadas y diputado que rindieron protesta ante el Pleno fungir\u00e1n en el cargo hasta en tanto dure la licencia concedida al diputado o diputada propietaria.<\/p>\n","protected":false},"excerpt":{"rendered":"<p>Redacci\u00f3n InfoVeracruz. Xalapa, Ver., 01 de abril de 2025.- En cumplimiento con el Art\u00edculo 16&#8230;<\/p>\n","protected":false},"author":2,"featured_media":49277,"comment_status":"closed","ping_status":"closed","sticky":false,"template":"","format":"standard","meta":{"_monsterinsights_skip_tracking":false,"_monsterinsights_sitenote_active":false,"_monsterinsights_sitenote_note":"","_monsterinsights_sitenote_category":0,"footnotes":""},"categories":[112],"tags":[],"class_list":["post-49265","post","type-post","status-publish","format-standard","has-post-thumbnail","hentry","category-estatal"],"_links":{"self":[{"href":"https:\/\/infoveracruz.com.mx\/index.php\/wp-json\/wp\/v2\/posts\/49265","targetHints":{"allow":["GET"]}}],"collection":[{"href":"https:\/\/infoveracruz.com.mx\/index.php\/wp-json\/wp\/v2\/posts"}],"about":[{"href":"https:\/\/infoveracruz.com.mx\/index.php\/wp-json\/wp\/v2\/types\/post"}],"author":[{"embeddable":true,"href":"https:\/\/infoveracruz.com.mx\/index.php\/wp-json\/wp\/v2\/users\/2"}],"replies":[{"embeddable":true,"href":"https:\/\/infoveracruz.com.mx\/index.php\/wp-json\/wp\/v2\/comments?post=49265"}],"version-history":[{"count":2,"href":"https:\/\/infoveracruz.com.mx\/index.php\/wp-json\/wp\/v2\/posts\/49265\/revisions"}],"predecessor-version":[{"id":49279,"href":"https:\/\/infoveracruz.com.mx\/index.php\/wp-json\/wp\/v2\/posts\/49265\/revisions\/49279"}],"wp:featuredmedia":[{"embeddable":true,"href":"https:\/\/infoveracruz.com.mx\/index.php\/wp-json\/wp\/v2\/media\/49277"}],"wp:attachment":[{"href":"https:\/\/infoveracruz.com.mx\/index.php\/wp-json\/wp\/v2\/media?parent=49265"}],"wp:term":[{"taxonomy":"category","embeddable":true,"href":"https:\/\/infoveracruz.com.mx\/index.php\/wp-json\/wp\/v2\/categories?post=49265"},{"taxonomy":"post_tag","embeddable":true,"href":"https:\/\/infoveracruz.com.mx\/index.php\/wp-json\/wp\/v2\/tags?post=49265"}],"curies":[{"name":"wp","href":"https:\/\/api.w.org\/{rel}","templated":true}]}}