{"id":49133,"date":"2025-04-29T19:19:43","date_gmt":"2025-04-30T00:19:43","guid":{"rendered":"https:\/\/infoveracruz.com.mx\/?p=49133"},"modified":"2025-04-29T19:19:44","modified_gmt":"2025-04-30T00:19:44","slug":"inicia-campana-rosa-maria-hernandez-rumbo-a-la-alcaldia-de-veracruz","status":"publish","type":"post","link":"https:\/\/infoveracruz.com.mx\/index.php\/2025\/04\/29\/inicia-campana-rosa-maria-hernandez-rumbo-a-la-alcaldia-de-veracruz\/","title":{"rendered":"Inicia campa\u00f1a Rosa Mar\u00eda Hern\u00e1ndez, rumbo a la alcald\u00eda de Veracruz"},"content":{"rendered":"\n<p><br>Susana Cruz.<\/p>\n\n\n\n<p><br>Veracruz, Ver. 29 de abril de 2025.- La candidata de Morena Rosa Mar\u00eda Hern\u00e1ndez Espejo inici\u00f3 campa\u00f1a rumbo a las elecciones por la presidencia municipal de Veracruz.<br>Mencion\u00f3 que el PRIAN gobern\u00f3 la ciudad m\u00e1s de 80 a\u00f1os por lo que es momento de iniciar la transformaci\u00f3n en Veracruz.<br>Asever\u00f3 que escuchar\u00e1 al pueblo y que los jarochos tendr\u00e1n un gobierno cercano a la gente. Tambi\u00e9n se comprometi\u00f3 a resolver problemas a\u00f1ejos de la ciudad.<br>\u201cEstamos cansados de que nos traten como ciudadanos de tercera, que le metan diverso al Reforma. Desde Lomas de R\u00edo Medio que se escuche fuerte que haremos el cambio. Vamos a seguir con la lucha iniciada, no vamos a firmar contratos leoninos ni privatizar servicios\u201d.<br>Afirm\u00f3 que garantizar\u00e1 servicios p\u00fablicos de calidad y obligar\u00e1 a que se ilumine la ciudad, adem\u00e1s, las pol\u00edticas p\u00fablicas ser\u00e1n con perspectiva de g\u00e9nero. Dijo que tambi\u00e9n atender\u00e1 los mercados, los parques y unidades deportivas, para que los ciudadanos tengan espacios dignos.<br>Luisa Mar\u00eda Alcalde, dirigente nacional de Morena, afirm\u00f3 que la Cuarta Transformaci\u00f3n llegar\u00e1 a Veracruz y arrasar\u00e1 con la elecci\u00f3n.<br>Record\u00f3 los resultados positivos de la pasada elecci\u00f3n, por lo que se dijo que segura que se repetir\u00e1n.<br>Esteban Ram\u00edrez Zepeta, dirigente estatal de Morena, afirm\u00f3 que la mayor\u00eda de la planilla se encuentra conformada por miembros fundadores del partido. Confi\u00f3 en que osa Mar\u00eda Hern\u00e1ndez Espejo ganar\u00e1 la contienda del mes de junio. Afirm\u00f3 que el comit\u00e9 tiene las puertas abiertas para los ciudadanos de buena voluntad. Asever\u00f3 que la campa\u00f1a ser\u00e1 de propuestas y no de descalificaciones.<\/p>\n\n\n\n<h1 class=\"wp-block-heading\">campa\u00f1a #Rosa Mar\u00eda Hern\u00e1ndez #alcald\u00eda de Veracruz<\/h1>\n","protected":false},"excerpt":{"rendered":"<p>Susana Cruz. Veracruz, Ver. 29 de abril de 2025.- La candidata de Morena Rosa Mar\u00eda&#8230;<\/p>\n","protected":false},"author":2,"featured_media":49134,"comment_status":"closed","ping_status":"closed","sticky":false,"template":"","format":"standard","meta":{"_monsterinsights_skip_tracking":false,"_monsterinsights_sitenote_active":false,"_monsterinsights_sitenote_note":"","_monsterinsights_sitenote_category":0,"footnotes":""},"categories":[111],"tags":[],"class_list":["post-49133","post","type-post","status-publish","format-standard","has-post-thumbnail","hentry","category-local"],"_links":{"self":[{"href":"https:\/\/infoveracruz.com.mx\/index.php\/wp-json\/wp\/v2\/posts\/49133","targetHints":{"allow":["GET"]}}],"collection":[{"href":"https:\/\/infoveracruz.com.mx\/index.php\/wp-json\/wp\/v2\/posts"}],"about":[{"href":"https:\/\/infoveracruz.com.mx\/index.php\/wp-json\/wp\/v2\/types\/post"}],"author":[{"embeddable":true,"href":"https:\/\/infoveracruz.com.mx\/index.php\/wp-json\/wp\/v2\/users\/2"}],"replies":[{"embeddable":true,"href":"https:\/\/infoveracruz.com.mx\/index.php\/wp-json\/wp\/v2\/comments?post=49133"}],"version-history":[{"count":2,"href":"https:\/\/infoveracruz.com.mx\/index.php\/wp-json\/wp\/v2\/posts\/49133\/revisions"}],"predecessor-version":[{"id":49136,"href":"https:\/\/infoveracruz.com.mx\/index.php\/wp-json\/wp\/v2\/posts\/49133\/revisions\/49136"}],"wp:featuredmedia":[{"embeddable":true,"href":"https:\/\/infoveracruz.com.mx\/index.php\/wp-json\/wp\/v2\/media\/49134"}],"wp:attachment":[{"href":"https:\/\/infoveracruz.com.mx\/index.php\/wp-json\/wp\/v2\/media?parent=49133"}],"wp:term":[{"taxonomy":"category","embeddable":true,"href":"https:\/\/infoveracruz.com.mx\/index.php\/wp-json\/wp\/v2\/categories?post=49133"},{"taxonomy":"post_tag","embeddable":true,"href":"https:\/\/infoveracruz.com.mx\/index.php\/wp-json\/wp\/v2\/tags?post=49133"}],"curies":[{"name":"wp","href":"https:\/\/api.w.org\/{rel}","templated":true}]}}