{"id":49058,"date":"2025-04-28T17:28:16","date_gmt":"2025-04-28T22:28:16","guid":{"rendered":"https:\/\/infoveracruz.com.mx\/?p=49058"},"modified":"2025-04-28T17:28:18","modified_gmt":"2025-04-28T22:28:18","slug":"intensa-busqueda-de-banista-alvarado-desaparecido-en-la-trocha","status":"publish","type":"post","link":"https:\/\/infoveracruz.com.mx\/index.php\/2025\/04\/28\/intensa-busqueda-de-banista-alvarado-desaparecido-en-la-trocha\/","title":{"rendered":"Intensa B\u00fasqueda de Ba\u00f1ista Alvarado Desaparecido en La Trocha"},"content":{"rendered":"\n<p>Jorge Hern\u00e1ndez.<\/p>\n\n\n\n<p>Rescatistas de Alvarado buscan en las playas de La Trocha al ba\u00f1ista Manuel Padilla Le\u00f3n, quien desapareci\u00f3 la tarde-noche del domingo tras ser arrastrado por la marejada.<\/p>\n\n\n\n<p>El reporte policial indica que Padilla Le\u00f3n, de 25 a\u00f1os, estaba nadando cerca de La Bocana cuando de pronto la marejada lo arrastr\u00f3, desapareciendo.<\/p>\n\n\n\n<p>Minutos despu\u00e9s elementos de Protecci\u00f3n Civil y de la Capitan\u00eda del puerto de Alvarado iniciaron la b\u00fasqueda del ba\u00f1ista, pero sin \u00e9xito, fue despu\u00e9s de las 20:00 horas que se suspendi\u00f3 la b\u00fasqueda por poca visibilidad.<\/p>\n\n\n\n<p>Este lunes a las 06:30 horas la b\u00fasqueda se reinici\u00f3, seg\u00fan confirm\u00f3 Daniel Eduardo Romero Pilar, director de Protecci\u00f3n Civil de Alvarado, sum\u00e1ndose a la actividad personal de la Estaci\u00f3n Naval de B\u00fasqueda, Rescate y Vigilancia Mar\u00edtima de Veracruz.<\/p>\n\n\n\n<p>Los recorridos a orilla de playa e incluso con apoyo de embarcaciones se han realizado en inmediaciones de la playa La Trocha, donde ocurri\u00f3 el accidente al ba\u00f1ista, pero sin \u00e9xito porque hasta la tarde del lunes no ha sido localizado todav\u00eda.<\/p>\n\n\n\n<p>En la b\u00fasqueda participan tambi\u00e9n familiares de Manuel Padilla Le\u00f3n y un grupo de lancheros, confiando que pronto puedan localizar al muchacho en las condiciones que sean.<\/p>\n","protected":false},"excerpt":{"rendered":"<p>Jorge Hern\u00e1ndez. Rescatistas de Alvarado buscan en las playas de La Trocha al ba\u00f1ista Manuel&#8230;<\/p>\n","protected":false},"author":2,"featured_media":49059,"comment_status":"closed","ping_status":"closed","sticky":false,"template":"","format":"standard","meta":{"_monsterinsights_skip_tracking":false,"_monsterinsights_sitenote_active":false,"_monsterinsights_sitenote_note":"","_monsterinsights_sitenote_category":0,"footnotes":""},"categories":[111],"tags":[],"class_list":["post-49058","post","type-post","status-publish","format-standard","has-post-thumbnail","hentry","category-local"],"_links":{"self":[{"href":"https:\/\/infoveracruz.com.mx\/index.php\/wp-json\/wp\/v2\/posts\/49058","targetHints":{"allow":["GET"]}}],"collection":[{"href":"https:\/\/infoveracruz.com.mx\/index.php\/wp-json\/wp\/v2\/posts"}],"about":[{"href":"https:\/\/infoveracruz.com.mx\/index.php\/wp-json\/wp\/v2\/types\/post"}],"author":[{"embeddable":true,"href":"https:\/\/infoveracruz.com.mx\/index.php\/wp-json\/wp\/v2\/users\/2"}],"replies":[{"embeddable":true,"href":"https:\/\/infoveracruz.com.mx\/index.php\/wp-json\/wp\/v2\/comments?post=49058"}],"version-history":[{"count":2,"href":"https:\/\/infoveracruz.com.mx\/index.php\/wp-json\/wp\/v2\/posts\/49058\/revisions"}],"predecessor-version":[{"id":49061,"href":"https:\/\/infoveracruz.com.mx\/index.php\/wp-json\/wp\/v2\/posts\/49058\/revisions\/49061"}],"wp:featuredmedia":[{"embeddable":true,"href":"https:\/\/infoveracruz.com.mx\/index.php\/wp-json\/wp\/v2\/media\/49059"}],"wp:attachment":[{"href":"https:\/\/infoveracruz.com.mx\/index.php\/wp-json\/wp\/v2\/media?parent=49058"}],"wp:term":[{"taxonomy":"category","embeddable":true,"href":"https:\/\/infoveracruz.com.mx\/index.php\/wp-json\/wp\/v2\/categories?post=49058"},{"taxonomy":"post_tag","embeddable":true,"href":"https:\/\/infoveracruz.com.mx\/index.php\/wp-json\/wp\/v2\/tags?post=49058"}],"curies":[{"name":"wp","href":"https:\/\/api.w.org\/{rel}","templated":true}]}}