{"id":49038,"date":"2025-04-28T14:21:51","date_gmt":"2025-04-28T19:21:51","guid":{"rendered":"https:\/\/infoveracruz.com.mx\/?p=49038"},"modified":"2025-04-28T14:21:52","modified_gmt":"2025-04-28T19:21:52","slug":"pide-cce-de-veracruz-campanas-propositivas-y-elecciones-en-paz-2","status":"publish","type":"post","link":"https:\/\/infoveracruz.com.mx\/index.php\/2025\/04\/28\/pide-cce-de-veracruz-campanas-propositivas-y-elecciones-en-paz-2\/","title":{"rendered":"Pide CCE de Veracruz campa\u00f1as propositivas y elecciones en paz"},"content":{"rendered":"\n<p><br>Susana Cruz.<\/p>\n\n\n\n<p><br>Veracruz, Ver.- 28 de abril de 2025.- En el arranque de las campa\u00f1as rumbo a las elecciones municipales, el presidente del Consejo Coordinador Empresarial (CCE) de Veracruz, Edi Alberto Mart\u00ednez Tejeda, hizo un llamado a los aspirantes a las alcald\u00edas para que centren sus mensajes en propuestas concretas y eviten caer en descalificaciones.<br>\u201cQueremos que los candidatos se enfoquen en propuestas m\u00e1s que en descalificaciones y otros temas que no abonan nada a las campa\u00f1as,\u201d subray\u00f3, al recalcar que la ciudadan\u00eda espera escuchar proyectos que contribuyan a resolver los principales problemas de los municipios.<br>Mart\u00ednez Tejeda anunci\u00f3 que el sector empresarial mantendr\u00e1 una plataforma abierta para que todos los candidatos y candidatas presenten sus planes de trabajo. Asegur\u00f3 que, como en elecciones anteriores, se garantizar\u00e1 un espacio plural y sin distingos partidistas.<br>\u201cLa invitaci\u00f3n est\u00e1 abierta para que quienes quieran presentarse ante el sector empresarial lo puedan hacer, como siempre lo hemos hecho\u201d.<br>Aunque evit\u00f3 precisar cu\u00e1les ser\u00e1n los temas prioritarios en sus propuestas, el dirigente empresarial se\u00f1al\u00f3 que se enfocar\u00e1n en aspectos estrat\u00e9gicos para impulsar el desarrollo de las ciudades y fortalecer el entorno econ\u00f3mico.<br>Respecto a las condiciones de seguridad, Mart\u00ednez Tejeda manifest\u00f3 su confianza en que el proceso electoral se desarrollar\u00e1 en calma, aunque reconoci\u00f3 que hay regiones que requieren atenci\u00f3n especial.<\/p>\n\n\n\n<h1 class=\"wp-block-heading\">#CCE #elecciones #campa\u00f1as<\/h1>\n","protected":false},"excerpt":{"rendered":"<p>Susana Cruz. Veracruz, Ver.- 28 de abril de 2025.- En el arranque de las campa\u00f1as&#8230;<\/p>\n","protected":false},"author":2,"featured_media":49039,"comment_status":"closed","ping_status":"closed","sticky":false,"template":"","format":"standard","meta":{"_monsterinsights_skip_tracking":false,"_monsterinsights_sitenote_active":false,"_monsterinsights_sitenote_note":"","_monsterinsights_sitenote_category":0,"footnotes":""},"categories":[111],"tags":[],"class_list":["post-49038","post","type-post","status-publish","format-standard","has-post-thumbnail","hentry","category-local"],"_links":{"self":[{"href":"https:\/\/infoveracruz.com.mx\/index.php\/wp-json\/wp\/v2\/posts\/49038","targetHints":{"allow":["GET"]}}],"collection":[{"href":"https:\/\/infoveracruz.com.mx\/index.php\/wp-json\/wp\/v2\/posts"}],"about":[{"href":"https:\/\/infoveracruz.com.mx\/index.php\/wp-json\/wp\/v2\/types\/post"}],"author":[{"embeddable":true,"href":"https:\/\/infoveracruz.com.mx\/index.php\/wp-json\/wp\/v2\/users\/2"}],"replies":[{"embeddable":true,"href":"https:\/\/infoveracruz.com.mx\/index.php\/wp-json\/wp\/v2\/comments?post=49038"}],"version-history":[{"count":2,"href":"https:\/\/infoveracruz.com.mx\/index.php\/wp-json\/wp\/v2\/posts\/49038\/revisions"}],"predecessor-version":[{"id":49041,"href":"https:\/\/infoveracruz.com.mx\/index.php\/wp-json\/wp\/v2\/posts\/49038\/revisions\/49041"}],"wp:featuredmedia":[{"embeddable":true,"href":"https:\/\/infoveracruz.com.mx\/index.php\/wp-json\/wp\/v2\/media\/49039"}],"wp:attachment":[{"href":"https:\/\/infoveracruz.com.mx\/index.php\/wp-json\/wp\/v2\/media?parent=49038"}],"wp:term":[{"taxonomy":"category","embeddable":true,"href":"https:\/\/infoveracruz.com.mx\/index.php\/wp-json\/wp\/v2\/categories?post=49038"},{"taxonomy":"post_tag","embeddable":true,"href":"https:\/\/infoveracruz.com.mx\/index.php\/wp-json\/wp\/v2\/tags?post=49038"}],"curies":[{"name":"wp","href":"https:\/\/api.w.org\/{rel}","templated":true}]}}