{"id":49001,"date":"2025-04-28T07:51:48","date_gmt":"2025-04-28T12:51:48","guid":{"rendered":"https:\/\/infoveracruz.com.mx\/?p=49001"},"modified":"2025-04-28T07:53:07","modified_gmt":"2025-04-28T12:53:07","slug":"ha-vuelto","status":"publish","type":"post","link":"https:\/\/infoveracruz.com.mx\/index.php\/2025\/04\/28\/ha-vuelto\/","title":{"rendered":"HA VUELTO"},"content":{"rendered":"\n<p><br>Fernando V\u00e1zquez Rigada.<\/p>\n\n\n\n<p><br>El gobierno quiere imponer una visi\u00f3n \u00fanica de vida. Cuidado: no hay nada m\u00e1s peligroso que una idea, cuando es la \u00fanica que tienes.<\/p>\n\n\n\n<p><br>Estamos viviendo un riesgo may\u00fasculo para la libertad de expresi\u00f3n, el derecho a la informaci\u00f3n y la libre competencia.<\/p>\n\n\n\n<p><br>La ley de telecomunicaciones propuesta por el poder ejecutivo incluye una serie de medidas autoritarias que deben alertar a la sociedad.<br>La premura con la que se aprob\u00f3 la iniciativa en comisiones, tan s\u00f3lo unas horas despu\u00e9s de ser presentada, habla de un albazo legislativo. La comisi\u00f3n dominada por el oficialismo no cambi\u00f3 una coma de las herramientas de censura que incluye.<\/p>\n\n\n\n<p><br>Son varias. No s\u00f3lo una.<\/p>\n\n\n\n<p><br>La ley atenta contra la libertad de expresi\u00f3n y el derecho la informaci\u00f3n, dos pilares de los derechos humanos, la democracia y la libertad de las personas.<br>Concentra todo el poder discrecional en una Agencia Digital, empleada del ejecutivo. Esta agencia asume la mayor\u00eda de las funciones del IFT. No obstante, ese instituto era aut\u00f3nomo, no depend\u00eda de Presidencia. Pero se agregan otras facultades.<\/p>\n\n\n\n<p><br>A saber: le da a esa agencia -es decir, al gobierno\u2014, la capacidad de bloquear plataformas digitales y redes sociales (art 109). Igual que en China, donde el gobierno impide a las personas acceder a X, Facebook, Instagram o Whatsapp.<br>Otorga al gobierno, algo que se ha dicho poco pero que es grav\u00edsimo, la facultad de rastrear tel\u00e9fonos celulares sin orden judicial (art 160), como en Rusia.<\/p>\n\n\n\n<p><br>Le mandata para autorizar contenidos producidos en el exterior para transmitirse (art 184). Hablando claro: antes de que cualquier serie o pel\u00edcula de Netflix, Amazon, Apple, Max, Disney, etc, pueda transmitirse, debe pasar por el censor oficial. Si a la agencia no le parece la pel\u00edcula Emilia P\u00e9rez, Amazon no la podr\u00e1 transmitir. No la he visto, pero es mi decisi\u00f3n, no la de un bur\u00f3crata, fan\u00e1tico ideol\u00f3gico.<\/p>\n\n\n\n<p><br>Le brinda el gobierno la facultad de supervisar la veracidad de la informaci\u00f3n y determinar que es informaci\u00f3n y que es opini\u00f3n. \u00bfC\u00f3mo ser\u00e1? \u00bfCon el rigor con el que se permiti\u00f3 a Gatell mentir sistem\u00e1ticamente sobre la pandemia y la cifra descomunal de muertos?<\/p>\n\n\n\n<p><br>Crea una llave digital para tr\u00e1mites ante el gobierno, en donde estaremos obligados a entregar nuestros datos personales. \u00bfCon qu\u00e9 fin? \u00bfQui\u00e9n los resguardar\u00e1? \u00bfC\u00f3mo se proteger\u00e1 nuestra privacidad?<\/p>\n\n\n\n<p><br>El gobierno emitir\u00e1 lineamientos para que los medios generen c\u00f3digos de \u00e9tica (art 228). \u00bfCon base en qu\u00e9? \u00bfEn las ma\u00f1aneras? \u00bfEn los principios de Morena? \u00bfEn los c\u00f3digos Segalmex o Birmex?<\/p>\n\n\n\n<p><br>Pero tambi\u00e9n va contra la libertad de mercado y la libre competencia.<\/p>\n\n\n\n<p><br>Restringe el tiempo en la que las empresas de medios venden publicidad (art 208) y permite que municipios y estados tengan sus medios sin pagar derechos, como s\u00ed se obliga a las empresas.<\/p>\n\n\n\n<p><br>La Presidenta Sheinbaum se refiri\u00f3 a la pol\u00e9mica de un art\u00edculo. No es as\u00ed. Son varios y todos peligrosos.<\/p>\n\n\n\n<p><br>Minutos despu\u00e9s propuso posponer la aprobaci\u00f3n que hac\u00edan las y los senadores del oficialismo como pastores a Bel\u00e9n: presurosos.<br>Pero, antes, la ley se redact\u00f3. Se firm\u00f3. Se aprob\u00f3 en comisiones. Ah\u00ed est\u00e1 el autoritarismo feroz en grado de tentativa.<\/p>\n\n\n\n<p><br>Gabriel Garc\u00eda Marqu\u00e9s record\u00f3, en Memoria de mis Putas Tristes, la siniestra figura del censor. Le llamaba el abominable hombre de las nueve. La hora en la que, antes de correr las rotativas, llegaba el bur\u00f3crata que determinaba qu\u00e9 se publicaba y qu\u00e9 no.<\/p>\n\n\n\n<p><br>Parec\u00eda un recuerdo atroz e irrepetible.<br>Pero no.<br>Ha vuelto.<br>@fvazquezrig<br>https:\/\/fernandovazquezrigada.com\/ha-vuelto\/<\/p>\n","protected":false},"excerpt":{"rendered":"<p>Fernando V\u00e1zquez Rigada. El gobierno quiere imponer una visi\u00f3n \u00fanica de vida. Cuidado: no hay&#8230;<\/p>\n","protected":false},"author":2,"featured_media":49002,"comment_status":"closed","ping_status":"closed","sticky":false,"template":"","format":"standard","meta":{"_monsterinsights_skip_tracking":false,"_monsterinsights_sitenote_active":false,"_monsterinsights_sitenote_note":"","_monsterinsights_sitenote_category":0,"footnotes":""},"categories":[117],"tags":[],"class_list":["post-49001","post","type-post","status-publish","format-standard","has-post-thumbnail","hentry","category-enlaopiniondefernandovazquezrigada"],"_links":{"self":[{"href":"https:\/\/infoveracruz.com.mx\/index.php\/wp-json\/wp\/v2\/posts\/49001","targetHints":{"allow":["GET"]}}],"collection":[{"href":"https:\/\/infoveracruz.com.mx\/index.php\/wp-json\/wp\/v2\/posts"}],"about":[{"href":"https:\/\/infoveracruz.com.mx\/index.php\/wp-json\/wp\/v2\/types\/post"}],"author":[{"embeddable":true,"href":"https:\/\/infoveracruz.com.mx\/index.php\/wp-json\/wp\/v2\/users\/2"}],"replies":[{"embeddable":true,"href":"https:\/\/infoveracruz.com.mx\/index.php\/wp-json\/wp\/v2\/comments?post=49001"}],"version-history":[{"count":2,"href":"https:\/\/infoveracruz.com.mx\/index.php\/wp-json\/wp\/v2\/posts\/49001\/revisions"}],"predecessor-version":[{"id":49005,"href":"https:\/\/infoveracruz.com.mx\/index.php\/wp-json\/wp\/v2\/posts\/49001\/revisions\/49005"}],"wp:featuredmedia":[{"embeddable":true,"href":"https:\/\/infoveracruz.com.mx\/index.php\/wp-json\/wp\/v2\/media\/49002"}],"wp:attachment":[{"href":"https:\/\/infoveracruz.com.mx\/index.php\/wp-json\/wp\/v2\/media?parent=49001"}],"wp:term":[{"taxonomy":"category","embeddable":true,"href":"https:\/\/infoveracruz.com.mx\/index.php\/wp-json\/wp\/v2\/categories?post=49001"},{"taxonomy":"post_tag","embeddable":true,"href":"https:\/\/infoveracruz.com.mx\/index.php\/wp-json\/wp\/v2\/tags?post=49001"}],"curies":[{"name":"wp","href":"https:\/\/api.w.org\/{rel}","templated":true}]}}