{"id":48998,"date":"2025-04-27T18:37:06","date_gmt":"2025-04-27T23:37:06","guid":{"rendered":"https:\/\/infoveracruz.com.mx\/?p=48998"},"modified":"2025-04-27T18:37:07","modified_gmt":"2025-04-27T23:37:07","slug":"muere-motociclista-al-ser-embestido-por-patrulla-de-ssp-en-boca-del-rio","status":"publish","type":"post","link":"https:\/\/infoveracruz.com.mx\/index.php\/2025\/04\/27\/muere-motociclista-al-ser-embestido-por-patrulla-de-ssp-en-boca-del-rio\/","title":{"rendered":"Muere Motociclista al ser Embestido por Patrulla de SSP en Boca del R\u00edo"},"content":{"rendered":"\n<p><\/p>\n\n\n\n<p>Jorge Hern\u00e1ndez<\/p>\n\n\n\n<p>Veracruz, Ver, Un motociclista muri\u00f3 el domingo al ser embestido por una patrulla de la Secretar\u00eda de Seguridad P\u00fablica (SSP) en el fraccionamiento Costa Verde, municipio de Boca del R\u00edo.<\/p>\n\n\n\n<p>Operadores de la l\u00ednea de emergencias C5i reportaron un accidente con un motociclista muerto en el cruce de calzada Costa Verde y Juan Pablo II, en el fraccionamiento Costa Verde.<\/p>\n\n\n\n<p>En el lugar, se encontraba un motociclista sin vida, junto a una motocicleta deportiva color azul, el cual se hab\u00eda estrellado contra un poste del camell\u00f3n central de calzada Juan Pablo II, al salir proyectado tras el impacto.<\/p>\n\n\n\n<p>Para cuando arrib\u00f3 la Polic\u00eda Municipal de Boca del R\u00edo al lugar, ya estaban acordonando el per\u00edmetro, de manera sospechosa, cinco patrullas de la SSP e incluso una ambulancia de param\u00e9dicos de esa corporaci\u00f3n.<\/p>\n\n\n\n<p>Oficiales de la SSP, fieles a su estilo, intentaron obstruir la escena del crimen para que comunicadores no pudieran realizar su trabajo e instalaron el cord\u00f3n de seguridad lejos del occiso.<\/p>\n\n\n\n<p>La investigaci\u00f3n policial permiti\u00f3 establecer que la patrulla n\u00famero SP-4082 circulaba a gran velocidad sobre calzada Costa Verde, en el carril de norte a sur, y en el cruce con Juan Pablo II embisti\u00f3 al motociclista, pues el chofer de la patrulla se pas\u00f3 el alto.<\/p>\n\n\n\n<p>El motociclista circulaba por Urano de sur a norte y en el cruce intent\u00f3 tomar hacia Juan Pablo II, cuando fue impactado por la patrulla de la SSP, as\u00ed lo han narrado los testigos.<\/p>\n","protected":false},"excerpt":{"rendered":"<p>Jorge Hern\u00e1ndez Veracruz, Ver, Un motociclista muri\u00f3 el domingo al ser embestido por una patrulla&#8230;<\/p>\n","protected":false},"author":2,"featured_media":48999,"comment_status":"closed","ping_status":"closed","sticky":false,"template":"","format":"standard","meta":{"_monsterinsights_skip_tracking":false,"_monsterinsights_sitenote_active":false,"_monsterinsights_sitenote_note":"","_monsterinsights_sitenote_category":0,"footnotes":""},"categories":[112],"tags":[],"class_list":["post-48998","post","type-post","status-publish","format-standard","has-post-thumbnail","hentry","category-estatal"],"_links":{"self":[{"href":"https:\/\/infoveracruz.com.mx\/index.php\/wp-json\/wp\/v2\/posts\/48998","targetHints":{"allow":["GET"]}}],"collection":[{"href":"https:\/\/infoveracruz.com.mx\/index.php\/wp-json\/wp\/v2\/posts"}],"about":[{"href":"https:\/\/infoveracruz.com.mx\/index.php\/wp-json\/wp\/v2\/types\/post"}],"author":[{"embeddable":true,"href":"https:\/\/infoveracruz.com.mx\/index.php\/wp-json\/wp\/v2\/users\/2"}],"replies":[{"embeddable":true,"href":"https:\/\/infoveracruz.com.mx\/index.php\/wp-json\/wp\/v2\/comments?post=48998"}],"version-history":[{"count":1,"href":"https:\/\/infoveracruz.com.mx\/index.php\/wp-json\/wp\/v2\/posts\/48998\/revisions"}],"predecessor-version":[{"id":49000,"href":"https:\/\/infoveracruz.com.mx\/index.php\/wp-json\/wp\/v2\/posts\/48998\/revisions\/49000"}],"wp:featuredmedia":[{"embeddable":true,"href":"https:\/\/infoveracruz.com.mx\/index.php\/wp-json\/wp\/v2\/media\/48999"}],"wp:attachment":[{"href":"https:\/\/infoveracruz.com.mx\/index.php\/wp-json\/wp\/v2\/media?parent=48998"}],"wp:term":[{"taxonomy":"category","embeddable":true,"href":"https:\/\/infoveracruz.com.mx\/index.php\/wp-json\/wp\/v2\/categories?post=48998"},{"taxonomy":"post_tag","embeddable":true,"href":"https:\/\/infoveracruz.com.mx\/index.php\/wp-json\/wp\/v2\/tags?post=48998"}],"curies":[{"name":"wp","href":"https:\/\/api.w.org\/{rel}","templated":true}]}}