{"id":48994,"date":"2025-04-27T12:37:01","date_gmt":"2025-04-27T17:37:01","guid":{"rendered":"https:\/\/infoveracruz.com.mx\/?p=48994"},"modified":"2025-04-27T12:37:02","modified_gmt":"2025-04-27T17:37:02","slug":"no-creer-en-falsas-profecias-de-la-llegada-de-un-papa-negro-pide-obispo-de-veracruz","status":"publish","type":"post","link":"https:\/\/infoveracruz.com.mx\/index.php\/2025\/04\/27\/no-creer-en-falsas-profecias-de-la-llegada-de-un-papa-negro-pide-obispo-de-veracruz\/","title":{"rendered":"No creer en falsas profec\u00edas de la llegada de un papa negro, pide Obispo de Veracruz"},"content":{"rendered":"\n<p><\/p>\n\n\n\n<p>Danytza Flores<\/p>\n\n\n\n<p>Veracruz, Ver, 27 de Abril de 2025.- La iglesia Cat\u00f3lica pide a los feligreses a no dejarse llevar por falsas profec\u00edas, visiones o sensacionalismos de las redes sobre la posible llegada de un papa negro.<\/p>\n\n\n\n<p>Esto ante la celebraci\u00f3n pr\u00f3xima del conclave donde se elegir\u00e1 a la persona que ser\u00e1 el pr\u00f3ximo l\u00edder de la Iglesia Cat\u00f3lica, tras nueve d\u00edas de luto de su , &nbsp;despu\u00e9s &nbsp;se convocar\u00e1 el c\u00f3nclave para elegir un sucesor, explic\u00f3 el obispo de Veracruz, Carlos Brise\u00f1o Arch.<\/p>\n\n\n\n<p>Mencion\u00f3 que es un proceso de duraci\u00f3n larga, pero si requiere de discernimiento por parte de los cardenales quienes ser\u00e1n los que se pondr\u00e1n de acuerdo para elegir al nuevo Sumo Pont\u00edfice.<\/p>\n\n\n\n<p>De la misma manera pide que no se generen expectativas sobre la postura o tendencia que traer\u00e1 el nuevo Papa, pues cada representante de la iglesia cat\u00f3lica actu\u00f3 en su momento, conforme a los tiempos que les toc\u00f3 vivir e hicieron sus aportaciones positivas.<\/p>\n\n\n\n<p>En su lugar llama a la oraci\u00f3n para que Dios env\u00ede un Papa que d\u00e9 respuesta a los tiempos que vivimos, pues lo cierto es que es un gu\u00eda espiritual y un punto de referencia para los feligreses.<\/p>\n\n\n\n<p>Brise\u00f1o Arch , refiere que para la celebraci\u00f3n del Conclave est\u00e1n convocados para participar dos cardenales mexicanos, mismos que pueden llegar a ser posibles candidatos, sin embargo deja claro que no tiene favorito.<\/p>\n\n\n\n<p>#Elecci\u00f3n #Papa #Profec\u00edas #Sensacionalismos #Expectativas #Pide #Orar<\/p>\n","protected":false},"excerpt":{"rendered":"<p>Danytza Flores Veracruz, Ver, 27 de Abril de 2025.- La iglesia Cat\u00f3lica pide a los&#8230;<\/p>\n","protected":false},"author":2,"featured_media":48996,"comment_status":"closed","ping_status":"closed","sticky":false,"template":"","format":"standard","meta":{"_monsterinsights_skip_tracking":false,"_monsterinsights_sitenote_active":false,"_monsterinsights_sitenote_note":"","_monsterinsights_sitenote_category":0,"footnotes":""},"categories":[112],"tags":[],"class_list":["post-48994","post","type-post","status-publish","format-standard","has-post-thumbnail","hentry","category-estatal"],"_links":{"self":[{"href":"https:\/\/infoveracruz.com.mx\/index.php\/wp-json\/wp\/v2\/posts\/48994","targetHints":{"allow":["GET"]}}],"collection":[{"href":"https:\/\/infoveracruz.com.mx\/index.php\/wp-json\/wp\/v2\/posts"}],"about":[{"href":"https:\/\/infoveracruz.com.mx\/index.php\/wp-json\/wp\/v2\/types\/post"}],"author":[{"embeddable":true,"href":"https:\/\/infoveracruz.com.mx\/index.php\/wp-json\/wp\/v2\/users\/2"}],"replies":[{"embeddable":true,"href":"https:\/\/infoveracruz.com.mx\/index.php\/wp-json\/wp\/v2\/comments?post=48994"}],"version-history":[{"count":1,"href":"https:\/\/infoveracruz.com.mx\/index.php\/wp-json\/wp\/v2\/posts\/48994\/revisions"}],"predecessor-version":[{"id":48997,"href":"https:\/\/infoveracruz.com.mx\/index.php\/wp-json\/wp\/v2\/posts\/48994\/revisions\/48997"}],"wp:featuredmedia":[{"embeddable":true,"href":"https:\/\/infoveracruz.com.mx\/index.php\/wp-json\/wp\/v2\/media\/48996"}],"wp:attachment":[{"href":"https:\/\/infoveracruz.com.mx\/index.php\/wp-json\/wp\/v2\/media?parent=48994"}],"wp:term":[{"taxonomy":"category","embeddable":true,"href":"https:\/\/infoveracruz.com.mx\/index.php\/wp-json\/wp\/v2\/categories?post=48994"},{"taxonomy":"post_tag","embeddable":true,"href":"https:\/\/infoveracruz.com.mx\/index.php\/wp-json\/wp\/v2\/tags?post=48994"}],"curies":[{"name":"wp","href":"https:\/\/api.w.org\/{rel}","templated":true}]}}