{"id":48939,"date":"2025-04-26T08:57:36","date_gmt":"2025-04-26T13:57:36","guid":{"rendered":"https:\/\/infoveracruz.com.mx\/?p=48939"},"modified":"2025-04-26T08:57:38","modified_gmt":"2025-04-26T13:57:38","slug":"atraco-en-puerto-de-veracruz-barco-destructor-de-eu","status":"publish","type":"post","link":"https:\/\/infoveracruz.com.mx\/index.php\/2025\/04\/26\/atraco-en-puerto-de-veracruz-barco-destructor-de-eu\/","title":{"rendered":"Atrac\u00f3 en Puerto de Veracruz Barco Destructor de EU"},"content":{"rendered":"\n<p>Jorge Hern\u00e1ndez. <\/p>\n\n\n\n<p>Veracruz, Ver. El barco destructor USS Gravely atrac\u00f3 en el muelle 9 de Bah\u00eda Sur en el puerto, en el muelle de cabotaje que formaba parte de las instalaciones de ICAVE.<\/p>\n\n\n\n<p>Se trata de una embarcaci\u00f3n especializada en la intercepci\u00f3n y destrucci\u00f3n de misiles guiados de clase Arleigh Burke, de la Armada de los Estados Unidos.<\/p>\n\n\n\n<p>Personal de la Secretar\u00eda de Marina del gobierno de M\u00e9xico recibi\u00f3 al capit\u00e1n del USS Gravely, posteriormente los marines desembarcaron y a bordo de dos autobuses fueron trasladados al lugar para la recepci\u00f3n oficial.<\/p>\n\n\n\n<p>El barco forma parte de la fuerza naval que el pent\u00e1gono, de EU, anunci\u00f3 en marzo del 2025 que desplegar\u00eda en aguas del Golfo de M\u00e9xico para labores de seguridad fronteriza y combate del narcotr\u00e1fico.<\/p>\n","protected":false},"excerpt":{"rendered":"<p>Jorge Hern\u00e1ndez. Veracruz, Ver. El barco destructor USS Gravely atrac\u00f3 en el muelle 9 de&#8230;<\/p>\n","protected":false},"author":2,"featured_media":48940,"comment_status":"closed","ping_status":"closed","sticky":false,"template":"","format":"standard","meta":{"_monsterinsights_skip_tracking":false,"_monsterinsights_sitenote_active":false,"_monsterinsights_sitenote_note":"","_monsterinsights_sitenote_category":0,"footnotes":""},"categories":[111],"tags":[],"class_list":["post-48939","post","type-post","status-publish","format-standard","has-post-thumbnail","hentry","category-local"],"_links":{"self":[{"href":"https:\/\/infoveracruz.com.mx\/index.php\/wp-json\/wp\/v2\/posts\/48939","targetHints":{"allow":["GET"]}}],"collection":[{"href":"https:\/\/infoveracruz.com.mx\/index.php\/wp-json\/wp\/v2\/posts"}],"about":[{"href":"https:\/\/infoveracruz.com.mx\/index.php\/wp-json\/wp\/v2\/types\/post"}],"author":[{"embeddable":true,"href":"https:\/\/infoveracruz.com.mx\/index.php\/wp-json\/wp\/v2\/users\/2"}],"replies":[{"embeddable":true,"href":"https:\/\/infoveracruz.com.mx\/index.php\/wp-json\/wp\/v2\/comments?post=48939"}],"version-history":[{"count":2,"href":"https:\/\/infoveracruz.com.mx\/index.php\/wp-json\/wp\/v2\/posts\/48939\/revisions"}],"predecessor-version":[{"id":48942,"href":"https:\/\/infoveracruz.com.mx\/index.php\/wp-json\/wp\/v2\/posts\/48939\/revisions\/48942"}],"wp:featuredmedia":[{"embeddable":true,"href":"https:\/\/infoveracruz.com.mx\/index.php\/wp-json\/wp\/v2\/media\/48940"}],"wp:attachment":[{"href":"https:\/\/infoveracruz.com.mx\/index.php\/wp-json\/wp\/v2\/media?parent=48939"}],"wp:term":[{"taxonomy":"category","embeddable":true,"href":"https:\/\/infoveracruz.com.mx\/index.php\/wp-json\/wp\/v2\/categories?post=48939"},{"taxonomy":"post_tag","embeddable":true,"href":"https:\/\/infoveracruz.com.mx\/index.php\/wp-json\/wp\/v2\/tags?post=48939"}],"curies":[{"name":"wp","href":"https:\/\/api.w.org\/{rel}","templated":true}]}}