{"id":48930,"date":"2025-04-26T08:16:54","date_gmt":"2025-04-26T13:16:54","guid":{"rendered":"https:\/\/infoveracruz.com.mx\/?p=48930"},"modified":"2025-04-26T08:16:55","modified_gmt":"2025-04-26T13:16:55","slug":"propone-diputada-fortalecer-igualdad-sustantiva-y-perspectiva-de-genero","status":"publish","type":"post","link":"https:\/\/infoveracruz.com.mx\/index.php\/2025\/04\/26\/propone-diputada-fortalecer-igualdad-sustantiva-y-perspectiva-de-genero\/","title":{"rendered":"Propone diputada fortalecer igualdad sustantiva y perspectiva de g\u00e9nero"},"content":{"rendered":"\n<p><\/p>\n\n\n\n<p>Redacci\u00f3n InfoVeracruz. <\/p>\n\n\n\n<p>Xalapa, Ver., 26 de abril de 2025.- La diputada Ivonne Selene Dur\u00e1n L\u00f3pez present\u00f3 al Pleno de la LXVII Legislatura, en la Tercera Sesi\u00f3n Ordinaria, una iniciativa con proyecto de decreto que reforma y adiciona los art\u00edculos 4 y 67 de la Constituci\u00f3n Pol\u00edtica del estado de Veracruz en materia de igualdad sustantiva y perspectiva de g\u00e9nero.<\/p>\n\n\n\n<p>Al primer p\u00e1rrafo del Art\u00edculo 4, que establece que el hombre y la mujer son iguales en derechos y obligaciones ante la Ley, la legisladora plantea agregar que el Estado debe garantizar el goce y ejercicio del derecho a la igualdad sustantiva de las mujeres.<\/p>\n\n\n\n<p>As\u00ed tambi\u00e9n, que las funciones de procuraci\u00f3n de justicia se realicen con base en los principios de autonom\u00eda, eficiencia, imparcialidad, legalidad, objetividad, profesionalismo y responsabilidad, as\u00ed como con perspectiva de g\u00e9nero y respeto a los derechos humanos.<\/p>\n\n\n\n<p>A\u00f1ade a esto que \u201cToda persona tiene derecho a vivir una vida libre de violencias. El Estado tiene deberes reforzados de protecci\u00f3n con las mujeres, adolescentes, ni\u00f1as y ni\u00f1os. La ley definir\u00e1 las bases y modalidades para garantizar su realizaci\u00f3n\u201d.<\/p>\n\n\n\n<p>En lo que respecta al Art\u00edculo 67, Ivonne Selene Dur\u00e1n L\u00f3pez propone la adici\u00f3n de un p\u00e1rrafo noveno a la fracci\u00f3n I, para incorporar al marco jur\u00eddico veracruzano la Fiscal\u00eda Especializada en Delitos de Violencia de G\u00e9nero Contra las Mujeres.<\/p>\n\n\n\n<p>De acuerdo con la proponente, este Congreso local tiene la obligaci\u00f3n de establecer todas las medidas legislativas que sean necesarias para proteger a las mujeres veracruzanas de la discriminaci\u00f3n y violencia ejercidas en su contra.<\/p>\n\n\n\n<p>Esta iniciativa, a la que se adhirieron los grupos legislativos de Morena y del Partido Verde Ecologista de M\u00e9xico (PVEM), fue turnada a las comisiones permanentes unidas de Justicia y Puntos Constitucionales y para la Igualdad de G\u00e9nero.<\/p>\n\n\n\n<h1 class=\"wp-block-heading\"><\/h1>\n","protected":false},"excerpt":{"rendered":"<p>Redacci\u00f3n InfoVeracruz. Xalapa, Ver., 26 de abril de 2025.- La diputada Ivonne Selene Dur\u00e1n L\u00f3pez&#8230;<\/p>\n","protected":false},"author":2,"featured_media":48931,"comment_status":"closed","ping_status":"closed","sticky":false,"template":"","format":"standard","meta":{"_monsterinsights_skip_tracking":false,"_monsterinsights_sitenote_active":false,"_monsterinsights_sitenote_note":"","_monsterinsights_sitenote_category":0,"footnotes":""},"categories":[112],"tags":[249],"class_list":["post-48930","post","type-post","status-publish","format-standard","has-post-thumbnail","hentry","category-estatal","tag-legisver"],"_links":{"self":[{"href":"https:\/\/infoveracruz.com.mx\/index.php\/wp-json\/wp\/v2\/posts\/48930","targetHints":{"allow":["GET"]}}],"collection":[{"href":"https:\/\/infoveracruz.com.mx\/index.php\/wp-json\/wp\/v2\/posts"}],"about":[{"href":"https:\/\/infoveracruz.com.mx\/index.php\/wp-json\/wp\/v2\/types\/post"}],"author":[{"embeddable":true,"href":"https:\/\/infoveracruz.com.mx\/index.php\/wp-json\/wp\/v2\/users\/2"}],"replies":[{"embeddable":true,"href":"https:\/\/infoveracruz.com.mx\/index.php\/wp-json\/wp\/v2\/comments?post=48930"}],"version-history":[{"count":2,"href":"https:\/\/infoveracruz.com.mx\/index.php\/wp-json\/wp\/v2\/posts\/48930\/revisions"}],"predecessor-version":[{"id":48933,"href":"https:\/\/infoveracruz.com.mx\/index.php\/wp-json\/wp\/v2\/posts\/48930\/revisions\/48933"}],"wp:featuredmedia":[{"embeddable":true,"href":"https:\/\/infoveracruz.com.mx\/index.php\/wp-json\/wp\/v2\/media\/48931"}],"wp:attachment":[{"href":"https:\/\/infoveracruz.com.mx\/index.php\/wp-json\/wp\/v2\/media?parent=48930"}],"wp:term":[{"taxonomy":"category","embeddable":true,"href":"https:\/\/infoveracruz.com.mx\/index.php\/wp-json\/wp\/v2\/categories?post=48930"},{"taxonomy":"post_tag","embeddable":true,"href":"https:\/\/infoveracruz.com.mx\/index.php\/wp-json\/wp\/v2\/tags?post=48930"}],"curies":[{"name":"wp","href":"https:\/\/api.w.org\/{rel}","templated":true}]}}