{"id":48917,"date":"2025-04-25T17:38:01","date_gmt":"2025-04-25T22:38:01","guid":{"rendered":"https:\/\/infoveracruz.com.mx\/?p=48917"},"modified":"2025-04-25T17:38:03","modified_gmt":"2025-04-25T22:38:03","slug":"realizan-cambios-en-el-registro-civil-de-veracruz","status":"publish","type":"post","link":"https:\/\/infoveracruz.com.mx\/index.php\/2025\/04\/25\/realizan-cambios-en-el-registro-civil-de-veracruz\/","title":{"rendered":"Realizan cambios en el Registro Civil de Veracruz"},"content":{"rendered":"\n<p><br>Danytza Flores.<\/p>\n\n\n\n<p><br>Veracruz, Ver, 25 de abril de 2025.- Mariana S\u00e1nchez Cano despacha a partir de este viernes como Oficial Mayor del Registro Civil de Veracruz, en sustituci\u00f3n de Guillermo Izacur.<\/p>\n\n\n\n<p><br>El relev\u00f3 se llev\u00f3 cabo y fue girada por la Direcci\u00f3n General del Registro Civil del Estado de Veracruz, a cargo de Karina Cortes Flores, quien notific\u00f3 directamente al ex titular sobre su separaci\u00f3n del cargo.<\/p>\n\n\n\n<p><br>A pesar de los cambios en el inmueble, las actividades de atenci\u00f3n al p\u00fablico no se han visto afectadas, y los servicios, incluyendo la celebraci\u00f3n de bodas programadas\u2014 contin\u00faan desarroll\u00e1ndose con normalidad.<\/p>\n\n\n\n<p><br>Hasta el momento, la Direcci\u00f3n General del Registro Civil no ha emitido un comunicado oficial sobre las razones espec\u00edficas del relevo. Tampoco se ha informado si se trata de un cambio definitivo o si la designaci\u00f3n de la licenciada S\u00e1nchez Cano como titular interina podr\u00eda convertirse en permanente.<\/p>\n\n\n\n<p><br>Cabe destacar que S\u00e1nchez Cano ya se desempe\u00f1\u00f3 en el cargo durante el periodo del 2015 al 2018.<\/p>\n\n\n\n<h1 class=\"wp-block-heading\">Relevo #titular #RegistroCivil #Veracruz #MarianaS\u00e1nchez<\/h1>\n","protected":false},"excerpt":{"rendered":"<p>Danytza Flores. Veracruz, Ver, 25 de abril de 2025.- Mariana S\u00e1nchez Cano despacha a partir&#8230;<\/p>\n","protected":false},"author":2,"featured_media":48918,"comment_status":"closed","ping_status":"closed","sticky":false,"template":"","format":"standard","meta":{"_monsterinsights_skip_tracking":false,"_monsterinsights_sitenote_active":false,"_monsterinsights_sitenote_note":"","_monsterinsights_sitenote_category":0,"footnotes":""},"categories":[111],"tags":[],"class_list":["post-48917","post","type-post","status-publish","format-standard","has-post-thumbnail","hentry","category-local"],"_links":{"self":[{"href":"https:\/\/infoveracruz.com.mx\/index.php\/wp-json\/wp\/v2\/posts\/48917","targetHints":{"allow":["GET"]}}],"collection":[{"href":"https:\/\/infoveracruz.com.mx\/index.php\/wp-json\/wp\/v2\/posts"}],"about":[{"href":"https:\/\/infoveracruz.com.mx\/index.php\/wp-json\/wp\/v2\/types\/post"}],"author":[{"embeddable":true,"href":"https:\/\/infoveracruz.com.mx\/index.php\/wp-json\/wp\/v2\/users\/2"}],"replies":[{"embeddable":true,"href":"https:\/\/infoveracruz.com.mx\/index.php\/wp-json\/wp\/v2\/comments?post=48917"}],"version-history":[{"count":2,"href":"https:\/\/infoveracruz.com.mx\/index.php\/wp-json\/wp\/v2\/posts\/48917\/revisions"}],"predecessor-version":[{"id":48920,"href":"https:\/\/infoveracruz.com.mx\/index.php\/wp-json\/wp\/v2\/posts\/48917\/revisions\/48920"}],"wp:featuredmedia":[{"embeddable":true,"href":"https:\/\/infoveracruz.com.mx\/index.php\/wp-json\/wp\/v2\/media\/48918"}],"wp:attachment":[{"href":"https:\/\/infoveracruz.com.mx\/index.php\/wp-json\/wp\/v2\/media?parent=48917"}],"wp:term":[{"taxonomy":"category","embeddable":true,"href":"https:\/\/infoveracruz.com.mx\/index.php\/wp-json\/wp\/v2\/categories?post=48917"},{"taxonomy":"post_tag","embeddable":true,"href":"https:\/\/infoveracruz.com.mx\/index.php\/wp-json\/wp\/v2\/tags?post=48917"}],"curies":[{"name":"wp","href":"https:\/\/api.w.org\/{rel}","templated":true}]}}