{"id":48906,"date":"2025-04-25T14:20:44","date_gmt":"2025-04-25T19:20:44","guid":{"rendered":"https:\/\/infoveracruz.com.mx\/?p=48906"},"modified":"2025-04-25T14:20:46","modified_gmt":"2025-04-25T19:20:46","slug":"hay-vacunas-disponibles-en-los-centros-de-salud-por-la-actual-campana-de-vacunacion","status":"publish","type":"post","link":"https:\/\/infoveracruz.com.mx\/index.php\/2025\/04\/25\/hay-vacunas-disponibles-en-los-centros-de-salud-por-la-actual-campana-de-vacunacion\/","title":{"rendered":"Hay vacunas disponibles en los centros de salud por la actual campa\u00f1a de vacunaci\u00f3n"},"content":{"rendered":"\n<p><br>Danytza Flores.<\/p>\n\n\n\n<p><br>Veracruz, Ver, 25 de abril de 2025.- Luego de que la Secretar\u00eda de Salud federal anunci\u00f3 el arranque de la Semana Nacional de Vacunaci\u00f3n 2025, que se llevar\u00e1 a cabo del s\u00e1bado 26 de abril y hasta el 3 de mayo, se pudo constatar que en los centros de salud de la zona conurbada Veracruz-Boca del R\u00edo, existen las dosis suficientes para cubrir las necesidades de toda la poblaci\u00f3n.<br>Recordar que el esquema b\u00e1sico est\u00e1 conformado por la aplicaci\u00f3n de 14 vacunas de manera completamente gratuita y estas pueden ser solicitadas en hospitales, cl\u00ednicas y centros de salud.<br>La jornada de vacunaci\u00f3n abarcar\u00e1 todo el pa\u00eds y se dirige a reci\u00e9n nacidos, ni\u00f1os, personas embarazadas, adolescentes, adultos y adultos mayores.<br>Por tal motivo la autoridad sanitaria hace un llamado para acudir a las unidades m\u00e9dicas del Sistema Nacional de Salud, para iniciar o completar los esquemas pendientes que protegen contra las siguientes enfermedades:<br>Tuberculosis; Poliomielitis; Hepatitis B; Neumococo; Difteria, tosferina y t\u00e9tanos; Sarampi\u00f3n y rub\u00e9ola (SR); Sarampi\u00f3n, rub\u00e9ola y paperas (SRP);Rotavirus; Virus del papiloma humano (VPH).<br>Autoridades del sector salud, recordaron que su aplicaci\u00f3n contribuir\u00e1 a prevenir enfermedades graves y potencialmente mortales como el sarampi\u00f3n, la influenza o el t\u00e9tanos.<br>Por ello convocan a la poblaci\u00f3n a acudir a la unidad m\u00e9dica m\u00e1s cercana para vacunarse y completar sus esquemas de acuerdo con la cartilla nacional de salud.<br>En el Centro de Salud de la calle Netzahualc\u00f3yotl en la ciudad de Veracruz, atienden de lunes a domingo de 8 de la ma\u00f1ana a 6 de la tarde los requisitos son acudir con la cartilla nacional de salud y la Clave \u00danica de Registro de Poblaci\u00f3n (CURP).<br>Cabe recordar que en los primeros meses del 2025 M\u00e9xico, se han reportado repuntes de enfermedades prevenibles mediante los esquemas de vacunaci\u00f3n, como el sarampi\u00f3n y la tos ferina, donde esta \u00faltima ha cobrado la vida de 45 beb\u00e9s en lo que va del 2025, de acuerdo a cifras de la Secretar\u00eda de Salud.<\/p>\n\n\n\n<h1 class=\"wp-block-heading\">Campa\u00f1a #Vacunaci\u00f3n #Esquema #Cartilla #Disponibles #Centrosdesalud<\/h1>\n","protected":false},"excerpt":{"rendered":"<p>Danytza Flores. Veracruz, Ver, 25 de abril de 2025.- Luego de que la Secretar\u00eda de&#8230;<\/p>\n","protected":false},"author":2,"featured_media":48907,"comment_status":"closed","ping_status":"closed","sticky":false,"template":"","format":"standard","meta":{"_monsterinsights_skip_tracking":false,"_monsterinsights_sitenote_active":false,"_monsterinsights_sitenote_note":"","_monsterinsights_sitenote_category":0,"footnotes":""},"categories":[111],"tags":[],"class_list":["post-48906","post","type-post","status-publish","format-standard","has-post-thumbnail","hentry","category-local"],"_links":{"self":[{"href":"https:\/\/infoveracruz.com.mx\/index.php\/wp-json\/wp\/v2\/posts\/48906","targetHints":{"allow":["GET"]}}],"collection":[{"href":"https:\/\/infoveracruz.com.mx\/index.php\/wp-json\/wp\/v2\/posts"}],"about":[{"href":"https:\/\/infoveracruz.com.mx\/index.php\/wp-json\/wp\/v2\/types\/post"}],"author":[{"embeddable":true,"href":"https:\/\/infoveracruz.com.mx\/index.php\/wp-json\/wp\/v2\/users\/2"}],"replies":[{"embeddable":true,"href":"https:\/\/infoveracruz.com.mx\/index.php\/wp-json\/wp\/v2\/comments?post=48906"}],"version-history":[{"count":2,"href":"https:\/\/infoveracruz.com.mx\/index.php\/wp-json\/wp\/v2\/posts\/48906\/revisions"}],"predecessor-version":[{"id":48909,"href":"https:\/\/infoveracruz.com.mx\/index.php\/wp-json\/wp\/v2\/posts\/48906\/revisions\/48909"}],"wp:featuredmedia":[{"embeddable":true,"href":"https:\/\/infoveracruz.com.mx\/index.php\/wp-json\/wp\/v2\/media\/48907"}],"wp:attachment":[{"href":"https:\/\/infoveracruz.com.mx\/index.php\/wp-json\/wp\/v2\/media?parent=48906"}],"wp:term":[{"taxonomy":"category","embeddable":true,"href":"https:\/\/infoveracruz.com.mx\/index.php\/wp-json\/wp\/v2\/categories?post=48906"},{"taxonomy":"post_tag","embeddable":true,"href":"https:\/\/infoveracruz.com.mx\/index.php\/wp-json\/wp\/v2\/tags?post=48906"}],"curies":[{"name":"wp","href":"https:\/\/api.w.org\/{rel}","templated":true}]}}