{"id":4803,"date":"2022-04-20T15:20:18","date_gmt":"2022-04-20T15:20:18","guid":{"rendered":"https:\/\/infoveracruz.com.mx\/?p=4803"},"modified":"2022-04-20T15:20:19","modified_gmt":"2022-04-20T15:20:19","slug":"regidores-de-morena-pidieron-a-la-sindicatura-cuenta-claras","status":"publish","type":"post","link":"https:\/\/infoveracruz.com.mx\/index.php\/2022\/04\/20\/regidores-de-morena-pidieron-a-la-sindicatura-cuenta-claras\/","title":{"rendered":"Regidores de Morena pidieron a la Sindicatura cuenta claras"},"content":{"rendered":"\n<p><br>Susana Cruz.<\/p>\n\n\n\n<p><br>Veracruz, Ver. Regidores de Morena pidieron al s\u00edndico \u00fanico Manuel Rivera Polanco cuentas claras, ya que la petici\u00f3n del lunes ante Cabildo fue para un cr\u00e9dito y no adelanto de participaciones federales.<br>El regidor Daniel Martin Lois, lo acus\u00f3 de que lee pero no comprende los documentos que env\u00eda.<br>Mostr\u00f3 documentos en el que se especifica que la autorizaci\u00f3n era para un financiamiento de 70 millones de pesos y no para que se pudiera tener el 25 por ciento de fondos.<br>\u201cEl documento dice que se contrate un cr\u00e9dito con una instituci\u00f3n que ofrezca las mejores condiciones del mercado uno o varios financiamientos por la cantidad de 70 millones. Nos solicitaron autorizaci\u00f3n para un cr\u00e9dito, firmado por la sindicatura \u00fanica\u201d.<br>Adem\u00e1s en ning\u00fan momento se especific\u00f3 sobre las obras que habr\u00edan de desarrollarse con dicho recurso.<br>Aclar\u00f3 que los ediles de Morena no se encuentran en contra de las acciones del gobierno municipal, sino que primeramente debe garantizarse claridad y certeza en los n\u00fameros.<br>Se\u00f1al\u00f3 que el s\u00edndico est\u00e1 poco preparado pues no comprende los documentos que se generan en el ayuntamiento.<br>\u201cNosotros no estamos en contra de que se solicite el recurso, lo que queremos es claridad en m\u00e1s cuentas y que se nos presente un plan de que se va a hacer con este recurso para tener claridad y votar a favor. Lo que pedimos es que el recurso sea invertido en zonas vulnerables de Veracruz\u201d.<br>Reiter\u00f3 la intenci\u00f3n de trabajar de manera coordinada siempre y cuando haya cuentas claras.<\/p>\n","protected":false},"excerpt":{"rendered":"<p>Susana Cruz. Veracruz, Ver. Regidores de Morena pidieron al s\u00edndico \u00fanico Manuel Rivera Polanco cuentas&#8230;<\/p>\n","protected":false},"author":2,"featured_media":4804,"comment_status":"open","ping_status":"closed","sticky":false,"template":"","format":"standard","meta":{"_monsterinsights_skip_tracking":false,"_monsterinsights_sitenote_active":false,"_monsterinsights_sitenote_note":"","_monsterinsights_sitenote_category":0,"footnotes":""},"categories":[111],"tags":[157],"class_list":["post-4803","post","type-post","status-publish","format-standard","has-post-thumbnail","hentry","category-local","tag-morena"],"_links":{"self":[{"href":"https:\/\/infoveracruz.com.mx\/index.php\/wp-json\/wp\/v2\/posts\/4803","targetHints":{"allow":["GET"]}}],"collection":[{"href":"https:\/\/infoveracruz.com.mx\/index.php\/wp-json\/wp\/v2\/posts"}],"about":[{"href":"https:\/\/infoveracruz.com.mx\/index.php\/wp-json\/wp\/v2\/types\/post"}],"author":[{"embeddable":true,"href":"https:\/\/infoveracruz.com.mx\/index.php\/wp-json\/wp\/v2\/users\/2"}],"replies":[{"embeddable":true,"href":"https:\/\/infoveracruz.com.mx\/index.php\/wp-json\/wp\/v2\/comments?post=4803"}],"version-history":[{"count":1,"href":"https:\/\/infoveracruz.com.mx\/index.php\/wp-json\/wp\/v2\/posts\/4803\/revisions"}],"predecessor-version":[{"id":4805,"href":"https:\/\/infoveracruz.com.mx\/index.php\/wp-json\/wp\/v2\/posts\/4803\/revisions\/4805"}],"wp:featuredmedia":[{"embeddable":true,"href":"https:\/\/infoveracruz.com.mx\/index.php\/wp-json\/wp\/v2\/media\/4804"}],"wp:attachment":[{"href":"https:\/\/infoveracruz.com.mx\/index.php\/wp-json\/wp\/v2\/media?parent=4803"}],"wp:term":[{"taxonomy":"category","embeddable":true,"href":"https:\/\/infoveracruz.com.mx\/index.php\/wp-json\/wp\/v2\/categories?post=4803"},{"taxonomy":"post_tag","embeddable":true,"href":"https:\/\/infoveracruz.com.mx\/index.php\/wp-json\/wp\/v2\/tags?post=4803"}],"curies":[{"name":"wp","href":"https:\/\/api.w.org\/{rel}","templated":true}]}}