{"id":47719,"date":"2025-04-02T17:01:01","date_gmt":"2025-04-02T22:01:01","guid":{"rendered":"https:\/\/infoveracruz.com.mx\/?p=47719"},"modified":"2025-04-02T18:47:52","modified_gmt":"2025-04-02T23:47:52","slug":"rosa-maria-hernandez-oficializa-su-candidatura-a-la-alcaldia-de-veracruz","status":"publish","type":"post","link":"https:\/\/infoveracruz.com.mx\/index.php\/2025\/04\/02\/rosa-maria-hernandez-oficializa-su-candidatura-a-la-alcaldia-de-veracruz\/","title":{"rendered":"Rosa Mar\u00eda se registra ante el OPLE como candidata de MORENA a la alcald\u00eda de Veracruz"},"content":{"rendered":"\n<p><br>Danytza Flores.<br>Veracruz, Ver, 02 de abril de 2025 &#8211; Rosa Mar\u00eda Hern\u00e1ndez Espejo se registr\u00f3 ante el Consejo Municipal del Organismo P\u00fablico Local Electoral (OPLE) como candidata de Morena a la alcald\u00eda de Veracruz.<br>La morenista lleg\u00f3 a su registro acompa\u00f1ada del dirigente estatal de Morena, Esteban Ram\u00edrez Zepeda como de regidoras y regidores porte\u00f1os y delegados.<br>Al entregar su solicitud ante las autoridades electorales, Hern\u00e1ndez Espejo se comprometi\u00f3 a acatar la Constituci\u00f3n y las leyes que de ella emanan para que se desarrolle un proceso limpio y transparente.<br>En tanto, afuera de las instalaciones del Ople, era arropada por militantes y simpatizantes, quienes lanzaron muestras de apoyo.<br>Tras completar su registro, Hern\u00e1ndez Espejo dijo en entrevista que Morena representa la opci\u00f3n para cambiar las cosas en el puerto de Veracruz y para lograr el bienestar de las familias.<br>Mencion\u00f3 que en pr\u00f3ximas horas quedara afinada la planilla de regidoras y regidores que la acompa\u00f1ar\u00e1 y extern\u00f3 su confianza su confianza de que Morena lograr\u00e1 el triunfo en las urnas pues presumi\u00f3 contar con el apoyo del pueblo porte\u00f1o, sindicatos y obreros.<br>Se comprometi\u00f3 a atender las necesidades m\u00e1s urgentes de la ciudadan\u00eda y rescatar a las colonias que se encuentran en el abandono.<\/p>\n\n\n\n<h1 class=\"wp-block-heading\">#Oficializa #Candidatura #RosaMar\u00edaHern\u00e1ndez #Alcald\u00eda #Veracruz #Ople<\/h1>\n\n\n\n<h1 class=\"wp-block-heading\"><\/h1>\n","protected":false},"excerpt":{"rendered":"<p>Danytza Flores.Veracruz, Ver, 02 de abril de 2025 &#8211; Rosa Mar\u00eda Hern\u00e1ndez Espejo se registr\u00f3&#8230;<\/p>\n","protected":false},"author":2,"featured_media":47720,"comment_status":"closed","ping_status":"closed","sticky":false,"template":"","format":"standard","meta":{"_monsterinsights_skip_tracking":false,"_monsterinsights_sitenote_active":false,"_monsterinsights_sitenote_note":"","_monsterinsights_sitenote_category":0,"footnotes":""},"categories":[111],"tags":[],"class_list":["post-47719","post","type-post","status-publish","format-standard","has-post-thumbnail","hentry","category-local"],"_links":{"self":[{"href":"https:\/\/infoveracruz.com.mx\/index.php\/wp-json\/wp\/v2\/posts\/47719","targetHints":{"allow":["GET"]}}],"collection":[{"href":"https:\/\/infoveracruz.com.mx\/index.php\/wp-json\/wp\/v2\/posts"}],"about":[{"href":"https:\/\/infoveracruz.com.mx\/index.php\/wp-json\/wp\/v2\/types\/post"}],"author":[{"embeddable":true,"href":"https:\/\/infoveracruz.com.mx\/index.php\/wp-json\/wp\/v2\/users\/2"}],"replies":[{"embeddable":true,"href":"https:\/\/infoveracruz.com.mx\/index.php\/wp-json\/wp\/v2\/comments?post=47719"}],"version-history":[{"count":3,"href":"https:\/\/infoveracruz.com.mx\/index.php\/wp-json\/wp\/v2\/posts\/47719\/revisions"}],"predecessor-version":[{"id":47737,"href":"https:\/\/infoveracruz.com.mx\/index.php\/wp-json\/wp\/v2\/posts\/47719\/revisions\/47737"}],"wp:featuredmedia":[{"embeddable":true,"href":"https:\/\/infoveracruz.com.mx\/index.php\/wp-json\/wp\/v2\/media\/47720"}],"wp:attachment":[{"href":"https:\/\/infoveracruz.com.mx\/index.php\/wp-json\/wp\/v2\/media?parent=47719"}],"wp:term":[{"taxonomy":"category","embeddable":true,"href":"https:\/\/infoveracruz.com.mx\/index.php\/wp-json\/wp\/v2\/categories?post=47719"},{"taxonomy":"post_tag","embeddable":true,"href":"https:\/\/infoveracruz.com.mx\/index.php\/wp-json\/wp\/v2\/tags?post=47719"}],"curies":[{"name":"wp","href":"https:\/\/api.w.org\/{rel}","templated":true}]}}