{"id":47706,"date":"2025-04-02T12:41:20","date_gmt":"2025-04-02T17:41:20","guid":{"rendered":"https:\/\/infoveracruz.com.mx\/?p=47706"},"modified":"2025-04-02T12:41:22","modified_gmt":"2025-04-02T17:41:22","slug":"entrega-dif-de-veracruz-apoyos-funcionales-a-personas-con-discapacidad","status":"publish","type":"post","link":"https:\/\/infoveracruz.com.mx\/index.php\/2025\/04\/02\/entrega-dif-de-veracruz-apoyos-funcionales-a-personas-con-discapacidad\/","title":{"rendered":"Entrega DIF de Veracruz apoyos funcionales a personas con discapacidad"},"content":{"rendered":"\n<p><br>Susana Cruz.<\/p>\n\n\n\n<p><br>Veracruz, Ver. 2 de abril de 2025.- El DIF Municipal de Veracruz realiz\u00f3 la primera entrega de apoyos funcionales de este 2025, beneficiando a personas con discapacidad que requieren dispositivos para mejorar su movilidad. La alcaldesa Patricia Lobeira Rodr\u00edguez, dijo que en total se otorgaron 127 aparatos de forma gratuita.<br>Entre los apoyos entregados se encuentran sillas de ruedas, andaderas, sillas PCI, bastones para invidentes, bastones sencillos, de pu\u00f1o alem\u00e1n y de cuatro puntos. Estos dispositivos permitir\u00e1n a los beneficiarios realizar sus actividades diarias con mayor autonom\u00eda.<br>\u201cHoy estamos otorgando 127 apoyos funcionales para favorecer a m\u00e1s personas de escasos recursos que padecen alguna discapacidad en nuestro municipio\u201d, destac\u00f3 la alcaldesa.<br>La entrega se llev\u00f3 a cabo a trav\u00e9s de la Coordinaci\u00f3n de Gesti\u00f3n Social del DIF Municipal, con el prop\u00f3sito de contribuir a la inclusi\u00f3n social y mejorar la calidad de vida de las familias.<br>\u201cSeguiremos brind\u00e1ndoles bienestar a las personas con discapacidad con este tipo de acciones y programas para propiciar la disminuci\u00f3n de barreras\u201d, agreg\u00f3 la alcaldesa.<br>Indic\u00f3 que con este programa, el Ayuntamiento de Veracruz reafirma su compromiso de apoyar a quienes m\u00e1s lo necesitan, promoviendo el acceso a herramientas que faciliten su integraci\u00f3n y movilidad en la sociedad.<\/p>\n\n\n\n<h1 class=\"wp-block-heading\">DIF de Veracruz #apoyos funcionales # personas con discapacidad<\/h1>\n","protected":false},"excerpt":{"rendered":"<p>Susana Cruz. Veracruz, Ver. 2 de abril de 2025.- El DIF Municipal de Veracruz realiz\u00f3&#8230;<\/p>\n","protected":false},"author":2,"featured_media":47700,"comment_status":"closed","ping_status":"closed","sticky":false,"template":"","format":"standard","meta":{"_monsterinsights_skip_tracking":false,"_monsterinsights_sitenote_active":false,"_monsterinsights_sitenote_note":"","_monsterinsights_sitenote_category":0,"footnotes":""},"categories":[111],"tags":[],"class_list":["post-47706","post","type-post","status-publish","format-standard","has-post-thumbnail","hentry","category-local"],"_links":{"self":[{"href":"https:\/\/infoveracruz.com.mx\/index.php\/wp-json\/wp\/v2\/posts\/47706","targetHints":{"allow":["GET"]}}],"collection":[{"href":"https:\/\/infoveracruz.com.mx\/index.php\/wp-json\/wp\/v2\/posts"}],"about":[{"href":"https:\/\/infoveracruz.com.mx\/index.php\/wp-json\/wp\/v2\/types\/post"}],"author":[{"embeddable":true,"href":"https:\/\/infoveracruz.com.mx\/index.php\/wp-json\/wp\/v2\/users\/2"}],"replies":[{"embeddable":true,"href":"https:\/\/infoveracruz.com.mx\/index.php\/wp-json\/wp\/v2\/comments?post=47706"}],"version-history":[{"count":2,"href":"https:\/\/infoveracruz.com.mx\/index.php\/wp-json\/wp\/v2\/posts\/47706\/revisions"}],"predecessor-version":[{"id":47709,"href":"https:\/\/infoveracruz.com.mx\/index.php\/wp-json\/wp\/v2\/posts\/47706\/revisions\/47709"}],"wp:featuredmedia":[{"embeddable":true,"href":"https:\/\/infoveracruz.com.mx\/index.php\/wp-json\/wp\/v2\/media\/47700"}],"wp:attachment":[{"href":"https:\/\/infoveracruz.com.mx\/index.php\/wp-json\/wp\/v2\/media?parent=47706"}],"wp:term":[{"taxonomy":"category","embeddable":true,"href":"https:\/\/infoveracruz.com.mx\/index.php\/wp-json\/wp\/v2\/categories?post=47706"},{"taxonomy":"post_tag","embeddable":true,"href":"https:\/\/infoveracruz.com.mx\/index.php\/wp-json\/wp\/v2\/tags?post=47706"}],"curies":[{"name":"wp","href":"https:\/\/api.w.org\/{rel}","templated":true}]}}