{"id":47669,"date":"2025-04-02T09:07:02","date_gmt":"2025-04-02T14:07:02","guid":{"rendered":"https:\/\/infoveracruz.com.mx\/?p=47669"},"modified":"2025-04-02T09:07:04","modified_gmt":"2025-04-02T14:07:04","slug":"en-wtc-de-veracruz-miguel-bose-regresa-a-los-escenarios","status":"publish","type":"post","link":"https:\/\/infoveracruz.com.mx\/index.php\/2025\/04\/02\/en-wtc-de-veracruz-miguel-bose-regresa-a-los-escenarios\/","title":{"rendered":"En WTC de Veracruz Miguel Bos\u00e9 regresa a los escenarios"},"content":{"rendered":"\n<p><\/p>\n\n\n\n<p>Alejandro \u00c1vila<\/p>\n\n\n\n<p>Veracruz, Ver.- Miguel Bos\u00e9, una de las m\u00e1ximas figuras de la m\u00fasica regresa a Veracruz para ofrecer un concierto que sin duda alguna quedar\u00e1 en la memoria de los asistentes ya que marca su regreso a los escenarios.<\/p>\n\n\n\n<p>Ser\u00e1 este s\u00e1bado 5 de abril en el WTC cuando el \u201cAmante Bandido\u201d tenga un emotivo reencuentro con sus fans y seguidores que por d\u00e9cadas lo han admirado y venerado por su singular estilo interpretativo.<\/p>\n\n\n\n<p>&#8220;Duende&#8221;, &#8220;Nena&#8221;, &#8220;Aire soy&#8221;, &#8220;Bamb\u00fa&#8221;, &#8220;Como un lobo&#8221;, \u201cSevilla\u201d, \u201cAmiga\u201d, entre muchas canciones m\u00e1s son las que Bos\u00e9 cantar\u00e1 para su p\u00fablico la noche de este s\u00e1bado 5 de abril, cita que no te puedes perder.<\/p>\n\n\n\n<p>Miguel Bos\u00e9 es una de las figuras m\u00e1s importantes de la m\u00fasica en espa\u00f1ol. Desde sus inicios con el \u00e1lbum \u201cLinda\u201d, su voz cautivadora y su carisma innato lo catapultaron a la fama, convirti\u00e9ndose en un icono de la m\u00fasica pop.<\/p>\n\n\n\n<p>Su versatilidad musical, que abarca desde baladas rom\u00e1nticas hasta ritmos m\u00e1s experimentales, lo ha posicionado como uno de los artistas m\u00e1s influyentes de la historia.<\/p>\n","protected":false},"excerpt":{"rendered":"<p>Alejandro \u00c1vila Veracruz, Ver.- Miguel Bos\u00e9, una de las m\u00e1ximas figuras de la m\u00fasica regresa&#8230;<\/p>\n","protected":false},"author":2,"featured_media":47670,"comment_status":"closed","ping_status":"closed","sticky":false,"template":"","format":"standard","meta":{"_monsterinsights_skip_tracking":false,"_monsterinsights_sitenote_active":false,"_monsterinsights_sitenote_note":"","_monsterinsights_sitenote_category":0,"footnotes":""},"categories":[111],"tags":[],"class_list":["post-47669","post","type-post","status-publish","format-standard","has-post-thumbnail","hentry","category-local"],"_links":{"self":[{"href":"https:\/\/infoveracruz.com.mx\/index.php\/wp-json\/wp\/v2\/posts\/47669","targetHints":{"allow":["GET"]}}],"collection":[{"href":"https:\/\/infoveracruz.com.mx\/index.php\/wp-json\/wp\/v2\/posts"}],"about":[{"href":"https:\/\/infoveracruz.com.mx\/index.php\/wp-json\/wp\/v2\/types\/post"}],"author":[{"embeddable":true,"href":"https:\/\/infoveracruz.com.mx\/index.php\/wp-json\/wp\/v2\/users\/2"}],"replies":[{"embeddable":true,"href":"https:\/\/infoveracruz.com.mx\/index.php\/wp-json\/wp\/v2\/comments?post=47669"}],"version-history":[{"count":2,"href":"https:\/\/infoveracruz.com.mx\/index.php\/wp-json\/wp\/v2\/posts\/47669\/revisions"}],"predecessor-version":[{"id":47672,"href":"https:\/\/infoveracruz.com.mx\/index.php\/wp-json\/wp\/v2\/posts\/47669\/revisions\/47672"}],"wp:featuredmedia":[{"embeddable":true,"href":"https:\/\/infoveracruz.com.mx\/index.php\/wp-json\/wp\/v2\/media\/47670"}],"wp:attachment":[{"href":"https:\/\/infoveracruz.com.mx\/index.php\/wp-json\/wp\/v2\/media?parent=47669"}],"wp:term":[{"taxonomy":"category","embeddable":true,"href":"https:\/\/infoveracruz.com.mx\/index.php\/wp-json\/wp\/v2\/categories?post=47669"},{"taxonomy":"post_tag","embeddable":true,"href":"https:\/\/infoveracruz.com.mx\/index.php\/wp-json\/wp\/v2\/tags?post=47669"}],"curies":[{"name":"wp","href":"https:\/\/api.w.org\/{rel}","templated":true}]}}