{"id":47604,"date":"2025-04-01T13:24:12","date_gmt":"2025-04-01T18:24:12","guid":{"rendered":"https:\/\/infoveracruz.com.mx\/?p=47604"},"modified":"2025-04-01T13:24:14","modified_gmt":"2025-04-01T18:24:14","slug":"inicia-segunda-fase-de-rehabilitacion-del-centro-historico-de-la-ciudad-de-veracruz","status":"publish","type":"post","link":"https:\/\/infoveracruz.com.mx\/index.php\/2025\/04\/01\/inicia-segunda-fase-de-rehabilitacion-del-centro-historico-de-la-ciudad-de-veracruz\/","title":{"rendered":"Inicia segunda fase de rehabilitaci\u00f3n del centro hist\u00f3rico de la ciudad de Veracruz"},"content":{"rendered":"\n<p><br>Susana Cruz.<\/p>\n\n\n\n<p><br>Veracruz, Ver. 1 de abril de 2025.- Autoridades municipales dieron el banderazo de inicio a la segunda fase de rehabilitaci\u00f3n del centro hist\u00f3rico de la ciudad de Veracruz.<br>La alcaldesa Patricia Lobeira dijo que se realizar\u00e1 por secciones para afectar en lo menos posible la vialidad. A trav\u00e9s de redes sociales se dar\u00e1n a conocer los cortes a la circulaci\u00f3n vehicular.<br>Las acciones contemplan drenaje nuevo, colocaci\u00f3n de concreto hidr\u00e1ulico estampado, cambio de banquetas, atenci\u00f3n de callejones, m\u00e1s iluminaci\u00f3n, entre otros.<br>\u201cLa \u00fanica \u00e1rea que ser\u00e1 peatonal ser\u00e1 la que est\u00e1 frente al z\u00f3calo y ser\u00e1 mixto. Se va a poder transitar de lunes a viernes y el viernes en la tarde se vuelve peatonal\u201d.<br>Ser\u00e1n 228 millones de pesos a invertir en obras este a\u00f1o. La presidenta municipal dijo que durante el a\u00f1o tambi\u00e9n habr\u00e1 descuentos para el pago de servicios p\u00fablicos, licencias de construcci\u00f3n, recolecci\u00f3n de basura, entre otros.<br>Tambi\u00e9n dijo que como parte de las actividades previas al carnaval, este mi\u00e9rcoles 2 de abril se llevar\u00e1 a cabo una rumbata en el z\u00f3calo de la ciudad para presentar a la reina de esta edici\u00f3n, quien ser\u00e1 una reconocida artista veracruzana. Mientras tanto, el municipio tambi\u00e9n avanza con los preparativos para Semana Santa y el inicio de nuevas obras de infraestructura en la ciudad.<\/p>\n\n\n\n<h1 class=\"wp-block-heading\">centro hist\u00f3rico, #rehabilitacion #obras<\/h1>\n","protected":false},"excerpt":{"rendered":"<p>Susana Cruz. Veracruz, Ver. 1 de abril de 2025.- Autoridades municipales dieron el banderazo de&#8230;<\/p>\n","protected":false},"author":2,"featured_media":47605,"comment_status":"closed","ping_status":"closed","sticky":false,"template":"","format":"standard","meta":{"_monsterinsights_skip_tracking":false,"_monsterinsights_sitenote_active":false,"_monsterinsights_sitenote_note":"","_monsterinsights_sitenote_category":0,"footnotes":""},"categories":[111],"tags":[],"class_list":["post-47604","post","type-post","status-publish","format-standard","has-post-thumbnail","hentry","category-local"],"_links":{"self":[{"href":"https:\/\/infoveracruz.com.mx\/index.php\/wp-json\/wp\/v2\/posts\/47604","targetHints":{"allow":["GET"]}}],"collection":[{"href":"https:\/\/infoveracruz.com.mx\/index.php\/wp-json\/wp\/v2\/posts"}],"about":[{"href":"https:\/\/infoveracruz.com.mx\/index.php\/wp-json\/wp\/v2\/types\/post"}],"author":[{"embeddable":true,"href":"https:\/\/infoveracruz.com.mx\/index.php\/wp-json\/wp\/v2\/users\/2"}],"replies":[{"embeddable":true,"href":"https:\/\/infoveracruz.com.mx\/index.php\/wp-json\/wp\/v2\/comments?post=47604"}],"version-history":[{"count":2,"href":"https:\/\/infoveracruz.com.mx\/index.php\/wp-json\/wp\/v2\/posts\/47604\/revisions"}],"predecessor-version":[{"id":47607,"href":"https:\/\/infoveracruz.com.mx\/index.php\/wp-json\/wp\/v2\/posts\/47604\/revisions\/47607"}],"wp:featuredmedia":[{"embeddable":true,"href":"https:\/\/infoveracruz.com.mx\/index.php\/wp-json\/wp\/v2\/media\/47605"}],"wp:attachment":[{"href":"https:\/\/infoveracruz.com.mx\/index.php\/wp-json\/wp\/v2\/media?parent=47604"}],"wp:term":[{"taxonomy":"category","embeddable":true,"href":"https:\/\/infoveracruz.com.mx\/index.php\/wp-json\/wp\/v2\/categories?post=47604"},{"taxonomy":"post_tag","embeddable":true,"href":"https:\/\/infoveracruz.com.mx\/index.php\/wp-json\/wp\/v2\/tags?post=47604"}],"curies":[{"name":"wp","href":"https:\/\/api.w.org\/{rel}","templated":true}]}}