{"id":41320,"date":"2024-12-01T10:34:24","date_gmt":"2024-12-01T15:34:24","guid":{"rendered":"https:\/\/infoveracruz.com.mx\/?p=41320"},"modified":"2024-12-01T10:34:26","modified_gmt":"2024-12-01T15:34:26","slug":"realizan-la-verbena-del-vino-mexicano-en-veracruz-en-av-cristobal-colon","status":"publish","type":"post","link":"https:\/\/infoveracruz.com.mx\/index.php\/2024\/12\/01\/realizan-la-verbena-del-vino-mexicano-en-veracruz-en-av-cristobal-colon\/","title":{"rendered":"Realizan la Verbena del Vino Mexicano en Veracruz, en AV. Crist\u00f3bal Col\u00f3n"},"content":{"rendered":"\n<p>Susana Cruz<\/p>\n\n\n\n<p>Veracruz, Ver. La Verbena del Vino Mexicano celebra su d\u00e9cima edici\u00f3n en el Puerto de Veracruz, reuniendo a 30 casas vin\u00edcolas y 35 expositores de productos gastron\u00f3micos y bebidas.<\/p>\n\n\n\n<p>El evento, que se lleva a cabo en la avenida Col\u00f3n, ofrece una oportunidad \u00fanica para disfrutar de la diversidad del vino mexicano y su maridaje con una variada oferta gastron\u00f3mica.<\/p>\n\n\n\n<p>Marcel Van Eyck, organizador del evento, dijo que la primera jornada cont\u00f3 con la asistencia de aproximadamente mil 500 personas, y se espera un mayor flujo de visitantes para este domingo. El evento continuar\u00e1 hoy domingo con actividades programadas desde las 2:00 de la tarde hasta las 10:00 de la noche.<\/p>\n\n\n\n<p>La Verbena del Vino Mexicano es una celebraci\u00f3n enogastron\u00f3mica que ofrece una experiencia \u00fanica para los amantes del vino y la gastronom\u00eda. Con tres escenarios musicales y una variedad de productos y bebidas, el evento es una oportunidad para disfrutar de una tarde llena de sabores, m\u00fasica y tradici\u00f3n.<\/p>\n\n\n\n<p>La invitaci\u00f3n est\u00e1 abierta para todo el p\u00fablico, quienes podr\u00e1n disfrutar de la diversidad del vino mexicano y su maridaje con una variada oferta gastron\u00f3mica.<\/p>\n\n\n\n<h1 class=\"wp-block-heading\">vino #col\u00f3n #Veracruz<\/h1>\n","protected":false},"excerpt":{"rendered":"<p>Susana Cruz Veracruz, Ver. La Verbena del Vino Mexicano celebra su d\u00e9cima edici\u00f3n en el&#8230;<\/p>\n","protected":false},"author":2,"featured_media":41321,"comment_status":"closed","ping_status":"closed","sticky":false,"template":"","format":"standard","meta":{"_monsterinsights_skip_tracking":false,"_monsterinsights_sitenote_active":false,"_monsterinsights_sitenote_note":"","_monsterinsights_sitenote_category":0,"footnotes":""},"categories":[112],"tags":[],"class_list":["post-41320","post","type-post","status-publish","format-standard","has-post-thumbnail","hentry","category-estatal"],"_links":{"self":[{"href":"https:\/\/infoveracruz.com.mx\/index.php\/wp-json\/wp\/v2\/posts\/41320","targetHints":{"allow":["GET"]}}],"collection":[{"href":"https:\/\/infoveracruz.com.mx\/index.php\/wp-json\/wp\/v2\/posts"}],"about":[{"href":"https:\/\/infoveracruz.com.mx\/index.php\/wp-json\/wp\/v2\/types\/post"}],"author":[{"embeddable":true,"href":"https:\/\/infoveracruz.com.mx\/index.php\/wp-json\/wp\/v2\/users\/2"}],"replies":[{"embeddable":true,"href":"https:\/\/infoveracruz.com.mx\/index.php\/wp-json\/wp\/v2\/comments?post=41320"}],"version-history":[{"count":1,"href":"https:\/\/infoveracruz.com.mx\/index.php\/wp-json\/wp\/v2\/posts\/41320\/revisions"}],"predecessor-version":[{"id":41322,"href":"https:\/\/infoveracruz.com.mx\/index.php\/wp-json\/wp\/v2\/posts\/41320\/revisions\/41322"}],"wp:featuredmedia":[{"embeddable":true,"href":"https:\/\/infoveracruz.com.mx\/index.php\/wp-json\/wp\/v2\/media\/41321"}],"wp:attachment":[{"href":"https:\/\/infoveracruz.com.mx\/index.php\/wp-json\/wp\/v2\/media?parent=41320"}],"wp:term":[{"taxonomy":"category","embeddable":true,"href":"https:\/\/infoveracruz.com.mx\/index.php\/wp-json\/wp\/v2\/categories?post=41320"},{"taxonomy":"post_tag","embeddable":true,"href":"https:\/\/infoveracruz.com.mx\/index.php\/wp-json\/wp\/v2\/tags?post=41320"}],"curies":[{"name":"wp","href":"https:\/\/api.w.org\/{rel}","templated":true}]}}