{"id":40064,"date":"2024-11-01T17:25:22","date_gmt":"2024-11-01T22:25:22","guid":{"rendered":"https:\/\/infoveracruz.com.mx\/?p=40064"},"modified":"2024-11-01T17:25:24","modified_gmt":"2024-11-01T22:25:24","slug":"deben-altares-contener-recuerdos-y-no-elementos-asociados-con-lo-demoniaco","status":"publish","type":"post","link":"https:\/\/infoveracruz.com.mx\/index.php\/2024\/11\/01\/deben-altares-contener-recuerdos-y-no-elementos-asociados-con-lo-demoniaco\/","title":{"rendered":"Deben altares contener recuerdos y no elementos asociados con lo demon\u00edaco"},"content":{"rendered":"\n<p>Susana Cruz.<\/p>\n\n\n\n<p><br>Veracruz, Ver. La Iglesia Cat\u00f3lica en Boca del R\u00edo muestra una postura favorable hacia la tradici\u00f3n de instalar altares de D\u00eda de Muertos en los hogares, siempre y cuando se enfoque en el recuerdo y la honra a los seres queridos fallecidos, excluyendo elementos de brujer\u00eda o hechicer\u00eda. El padre Guillermo Arturo Ram\u00edrez Mart\u00ednez, de la Iglesia Nuestra Se\u00f1ora de Santa Ana, explic\u00f3 que, aunque esta pr\u00e1ctica es aceptada dentro del catolicismo, se debe evitar la incorporaci\u00f3n de elementos asociados con lo demon\u00edaco.<\/p>\n\n\n\n<p><br>El padre Ram\u00edrez subraya que, desde una perspectiva cat\u00f3lica, los altares pueden contener objetos simb\u00f3licos que rememoren al difunto, similar a c\u00f3mo las im\u00e1genes de santos a menudo van acompa\u00f1adas de objetos representativos de sus acciones o virtudes. Para \u00e9l, el altar no solo tiene un valor religioso, sino tambi\u00e9n cultural, especialmente en M\u00e9xico, donde se incluyen elementos como alimentos y flores de cempas\u00fachil.<\/p>\n\n\n\n<p><br>La tradici\u00f3n de D\u00eda de Muertos marca el 1 de noviembre como el d\u00eda para honrar a los \u201cmuertos chiquitos\u201d o ni\u00f1os fallecidos, y el 2 de noviembre como el D\u00eda de los Fieles Difuntos, dedicado a los adultos. Durante estas fechas, las familias decoran los altares con papel picado, calaveritas de az\u00facar, pan de muerto y platillos que gustaban a sus seres queridos, una pr\u00e1ctica con profundas ra\u00edces prehisp\u00e1nicas.<\/p>\n\n\n\n<h1 class=\"wp-block-heading\">#altares #demoniaco #Se\u00f1oradeSanta<\/h1>\n","protected":false},"excerpt":{"rendered":"<p>Susana Cruz. Veracruz, Ver. La Iglesia Cat\u00f3lica en Boca del R\u00edo muestra una postura favorable&#8230;<\/p>\n","protected":false},"author":2,"featured_media":40065,"comment_status":"closed","ping_status":"closed","sticky":false,"template":"","format":"standard","meta":{"_monsterinsights_skip_tracking":false,"_monsterinsights_sitenote_active":false,"_monsterinsights_sitenote_note":"","_monsterinsights_sitenote_category":0,"footnotes":""},"categories":[112],"tags":[],"class_list":["post-40064","post","type-post","status-publish","format-standard","has-post-thumbnail","hentry","category-estatal"],"_links":{"self":[{"href":"https:\/\/infoveracruz.com.mx\/index.php\/wp-json\/wp\/v2\/posts\/40064","targetHints":{"allow":["GET"]}}],"collection":[{"href":"https:\/\/infoveracruz.com.mx\/index.php\/wp-json\/wp\/v2\/posts"}],"about":[{"href":"https:\/\/infoveracruz.com.mx\/index.php\/wp-json\/wp\/v2\/types\/post"}],"author":[{"embeddable":true,"href":"https:\/\/infoveracruz.com.mx\/index.php\/wp-json\/wp\/v2\/users\/2"}],"replies":[{"embeddable":true,"href":"https:\/\/infoveracruz.com.mx\/index.php\/wp-json\/wp\/v2\/comments?post=40064"}],"version-history":[{"count":1,"href":"https:\/\/infoveracruz.com.mx\/index.php\/wp-json\/wp\/v2\/posts\/40064\/revisions"}],"predecessor-version":[{"id":40066,"href":"https:\/\/infoveracruz.com.mx\/index.php\/wp-json\/wp\/v2\/posts\/40064\/revisions\/40066"}],"wp:featuredmedia":[{"embeddable":true,"href":"https:\/\/infoveracruz.com.mx\/index.php\/wp-json\/wp\/v2\/media\/40065"}],"wp:attachment":[{"href":"https:\/\/infoveracruz.com.mx\/index.php\/wp-json\/wp\/v2\/media?parent=40064"}],"wp:term":[{"taxonomy":"category","embeddable":true,"href":"https:\/\/infoveracruz.com.mx\/index.php\/wp-json\/wp\/v2\/categories?post=40064"},{"taxonomy":"post_tag","embeddable":true,"href":"https:\/\/infoveracruz.com.mx\/index.php\/wp-json\/wp\/v2\/tags?post=40064"}],"curies":[{"name":"wp","href":"https:\/\/api.w.org\/{rel}","templated":true}]}}