{"id":40058,"date":"2024-11-01T14:44:27","date_gmt":"2024-11-01T19:44:27","guid":{"rendered":"https:\/\/infoveracruz.com.mx\/?p=40058"},"modified":"2024-11-01T14:48:58","modified_gmt":"2024-11-01T19:48:58","slug":"panteon-de-veracruz-realizara-500-exhumaciones-los-no-reclamados-seran-enviados-a-la-fosa-comun","status":"publish","type":"post","link":"https:\/\/infoveracruz.com.mx\/index.php\/2024\/11\/01\/panteon-de-veracruz-realizara-500-exhumaciones-los-no-reclamados-seran-enviados-a-la-fosa-comun\/","title":{"rendered":"Pante\u00f3n de Veracruz realizar\u00e1 500 exhumaciones; los no reclamados ser\u00e1n enviados a la fosa com\u00fan"},"content":{"rendered":"\n<p><br>Danytza Flores.<\/p>\n\n\n\n<p><br>Veracruz, Ver.- Autoridades municipales dieron a conocer que exhumar\u00e1n 530 restos humanos en el pante\u00f3n municipal porte\u00f1o, luego de que ya cumplieron siete a\u00f1os de sepultados, como lo establece el reglamento correspondiente.<br>Mar\u00eda del Rosario Vera, directora de Panteones, advierte que de no ser reclamados, corren el riesgo de ser enviados a la fosa com\u00fan, pues refiere que la intenci\u00f3n es tener espacio disponible en el Pante\u00f3n Municipal.<br>Recuerda que ya se llev\u00f3 a cabo el tr\u00e1mite correspondiente, es decir ya someti\u00f3 a Cabildo para su aprobaci\u00f3n y se public\u00f3 en la gaceta, ahora se realiza la publicaci\u00f3n en el diario de mayor relevancia durante tres d\u00edas consecutivos y se dar\u00e1 10 d\u00edas m\u00e1s para que los familiares acudan a reclamar los restos para su exhumaci\u00f3n.<br>Puntualiz\u00f3 que la gente si acerca y todav\u00eda est\u00e1n sus familiares, pueden permanecer, pero de lo contrario son enviados a la fosa com\u00fan.<br>Recuerda que el reglamento establece que para adultos pueden estar sepultados siete a\u00f1os y para menores 6 a\u00f1os.<br>Rosario Vera advierte que, conforme se requiere el espacio se van a ir sacando, sin embargo los restos que sobrepasen ese tiempo y no sean reclamados ser\u00e1n los primeros que ser\u00e1n enviados a la fosa com\u00fan.<br><em>Afluencia<\/em><br>Sobre la afluencia, la directora de Panteones mencion\u00f3 que inici\u00f3 la visita al cementerio municipal este 1 de noviembre, pero consider\u00f3 que la mayor afluencia se registrar\u00e1 los d\u00edas s\u00e1bado y domingo.<br>Vera Vela destac\u00f3 que se entregar\u00e1 champurrado y hojaldras e incluso ramitos de flores a los visitantes.<\/p>\n\n\n\n<h1 class=\"wp-block-heading\">#Exhumaciones #Pante\u00f3n municipal #FosaCom\u00fan<\/h1>\n","protected":false},"excerpt":{"rendered":"<p>Danytza Flores. Veracruz, Ver.- Autoridades municipales dieron a conocer que exhumar\u00e1n 530 restos humanos en&#8230;<\/p>\n","protected":false},"author":2,"featured_media":40060,"comment_status":"closed","ping_status":"closed","sticky":false,"template":"","format":"standard","meta":{"_monsterinsights_skip_tracking":false,"_monsterinsights_sitenote_active":false,"_monsterinsights_sitenote_note":"","_monsterinsights_sitenote_category":0,"footnotes":""},"categories":[111],"tags":[],"class_list":["post-40058","post","type-post","status-publish","format-standard","has-post-thumbnail","hentry","category-local"],"_links":{"self":[{"href":"https:\/\/infoveracruz.com.mx\/index.php\/wp-json\/wp\/v2\/posts\/40058","targetHints":{"allow":["GET"]}}],"collection":[{"href":"https:\/\/infoveracruz.com.mx\/index.php\/wp-json\/wp\/v2\/posts"}],"about":[{"href":"https:\/\/infoveracruz.com.mx\/index.php\/wp-json\/wp\/v2\/types\/post"}],"author":[{"embeddable":true,"href":"https:\/\/infoveracruz.com.mx\/index.php\/wp-json\/wp\/v2\/users\/2"}],"replies":[{"embeddable":true,"href":"https:\/\/infoveracruz.com.mx\/index.php\/wp-json\/wp\/v2\/comments?post=40058"}],"version-history":[{"count":1,"href":"https:\/\/infoveracruz.com.mx\/index.php\/wp-json\/wp\/v2\/posts\/40058\/revisions"}],"predecessor-version":[{"id":40059,"href":"https:\/\/infoveracruz.com.mx\/index.php\/wp-json\/wp\/v2\/posts\/40058\/revisions\/40059"}],"wp:featuredmedia":[{"embeddable":true,"href":"https:\/\/infoveracruz.com.mx\/index.php\/wp-json\/wp\/v2\/media\/40060"}],"wp:attachment":[{"href":"https:\/\/infoveracruz.com.mx\/index.php\/wp-json\/wp\/v2\/media?parent=40058"}],"wp:term":[{"taxonomy":"category","embeddable":true,"href":"https:\/\/infoveracruz.com.mx\/index.php\/wp-json\/wp\/v2\/categories?post=40058"},{"taxonomy":"post_tag","embeddable":true,"href":"https:\/\/infoveracruz.com.mx\/index.php\/wp-json\/wp\/v2\/tags?post=40058"}],"curies":[{"name":"wp","href":"https:\/\/api.w.org\/{rel}","templated":true}]}}