{"id":39788,"date":"2024-10-24T18:25:16","date_gmt":"2024-10-24T23:25:16","guid":{"rendered":"https:\/\/infoveracruz.com.mx\/?p=39788"},"modified":"2024-10-24T18:25:20","modified_gmt":"2024-10-24T23:25:20","slug":"casi-de-190-mil-mdp-logro-veracruz-captar-de-inversion-extranjera-sedecop","status":"publish","type":"post","link":"https:\/\/infoveracruz.com.mx\/index.php\/2024\/10\/24\/casi-de-190-mil-mdp-logro-veracruz-captar-de-inversion-extranjera-sedecop\/","title":{"rendered":"Casi de 190 mil mdp logr\u00f3 Veracruz captar de inversi\u00f3n extranjera, Sedecop"},"content":{"rendered":"\n<p><br>Danytza Flores.<\/p>\n\n\n\n<p><br>Boca del R\u00edo, Ver.- A unos meses de finalizar el sexenio del gobernador, Cuitl\u00e1huac Gracia Jim\u00e9nez se han establecido 90 empresas en territorio veracruzano, presumi\u00f3 el titular de la Secretar\u00eda de Desarrollo Econ\u00f3mico y Portuarios (SEDECOP), Enrique Nach\u00f3n Garc\u00eda.<br>Recordando que las inversiones m\u00e1s grandes fueron las de las trasnacionales TC Energ\u00eda, Constellation Brands, Braskem Idesa, entre otras haciendo una sumatoria de inversi\u00f3n de casi de 190 mil millones de pesos.<br>Tan solo en este 2024, Veracruz logr\u00f3 recibir a 37 empresas en el territorio veracruzano, con una inversi\u00f3n de 13 mil millones de pesos.<br>El funcionario destac\u00f3 las fortalezas de Veracruz para la atracci\u00f3n de grandes inversiones, pues tiene salida del Golfo de M\u00e9xico hacia el mercado Estadounidense y a Europa; adem\u00e1s de ser un punto clave para la relocalizaci\u00f3n de empresas.<br>\u201cRecuerden que nosotros firmamos convenios de confidencialidad, no podemos decir pero si hay varias empresas que se est\u00e1n acercando por ejemplo del sector de alimentos para relocalizarse\u201d.<br>Aunado a ello, destac\u00f3 las futuras inversiones que se avecinan para Veracruz con la puesta en marcha y desarrollo del corredor interoce\u00e1nico.<br>Recordando que se trata de un proyecto integral de naci\u00f3n a mediano y largo plazo y donde participan dependencias federales como la Secretar\u00eda de Marina que lo tiene a cargo, por lo que se encuentra garantizado por el Estado Mexicano.<br>Nach\u00f3n Garc\u00eda, deja claro que mientras tanto el gobierno del estado no descuidar\u00e1 el mantenimiento de la infraestructura carretera que le corresponde luego de las fuertes lluvias que han azotado al sur de la entidad y que han dejado da\u00f1os en la red carretera.<br>No obstante, lo cierto es que no es una situaci\u00f3n que solo le afecta al estado de Veracruz, pero habr\u00e1 que esperar que pase el temporal para poder llevar a cabo las obras de mantenimiento que necesitan como resultado de estas contingencias.<\/p>\n\n\n\n<h1 class=\"wp-block-heading\">#Sedecop #Inversi\u00f3n #Transnacionales #Veracruz<\/h1>\n","protected":false},"excerpt":{"rendered":"<p>Danytza Flores. Boca del R\u00edo, Ver.- A unos meses de finalizar el sexenio del gobernador,&#8230;<\/p>\n","protected":false},"author":2,"featured_media":39789,"comment_status":"closed","ping_status":"closed","sticky":false,"template":"","format":"standard","meta":{"_monsterinsights_skip_tracking":false,"_monsterinsights_sitenote_active":false,"_monsterinsights_sitenote_note":"","_monsterinsights_sitenote_category":0,"footnotes":""},"categories":[111],"tags":[],"class_list":["post-39788","post","type-post","status-publish","format-standard","has-post-thumbnail","hentry","category-local"],"_links":{"self":[{"href":"https:\/\/infoveracruz.com.mx\/index.php\/wp-json\/wp\/v2\/posts\/39788","targetHints":{"allow":["GET"]}}],"collection":[{"href":"https:\/\/infoveracruz.com.mx\/index.php\/wp-json\/wp\/v2\/posts"}],"about":[{"href":"https:\/\/infoveracruz.com.mx\/index.php\/wp-json\/wp\/v2\/types\/post"}],"author":[{"embeddable":true,"href":"https:\/\/infoveracruz.com.mx\/index.php\/wp-json\/wp\/v2\/users\/2"}],"replies":[{"embeddable":true,"href":"https:\/\/infoveracruz.com.mx\/index.php\/wp-json\/wp\/v2\/comments?post=39788"}],"version-history":[{"count":1,"href":"https:\/\/infoveracruz.com.mx\/index.php\/wp-json\/wp\/v2\/posts\/39788\/revisions"}],"predecessor-version":[{"id":39790,"href":"https:\/\/infoveracruz.com.mx\/index.php\/wp-json\/wp\/v2\/posts\/39788\/revisions\/39790"}],"wp:featuredmedia":[{"embeddable":true,"href":"https:\/\/infoveracruz.com.mx\/index.php\/wp-json\/wp\/v2\/media\/39789"}],"wp:attachment":[{"href":"https:\/\/infoveracruz.com.mx\/index.php\/wp-json\/wp\/v2\/media?parent=39788"}],"wp:term":[{"taxonomy":"category","embeddable":true,"href":"https:\/\/infoveracruz.com.mx\/index.php\/wp-json\/wp\/v2\/categories?post=39788"},{"taxonomy":"post_tag","embeddable":true,"href":"https:\/\/infoveracruz.com.mx\/index.php\/wp-json\/wp\/v2\/tags?post=39788"}],"curies":[{"name":"wp","href":"https:\/\/api.w.org\/{rel}","templated":true}]}}