{"id":39781,"date":"2024-10-24T16:26:52","date_gmt":"2024-10-24T21:26:52","guid":{"rendered":"https:\/\/infoveracruz.com.mx\/?p=39781"},"modified":"2024-10-24T16:26:55","modified_gmt":"2024-10-24T21:26:55","slug":"prioridad-la-supervision-del-uso-de-los-recursos-publicos-manuel-huerta","status":"publish","type":"post","link":"https:\/\/infoveracruz.com.mx\/index.php\/2024\/10\/24\/prioridad-la-supervision-del-uso-de-los-recursos-publicos-manuel-huerta\/","title":{"rendered":"Prioridad la supervisi\u00f3n del uso de los Recursos p\u00fablicos: Manuel Huerta"},"content":{"rendered":"\n<p>Redacci\u00f3n<\/p>\n\n\n\n<p>Ciudad de M\u00e9xico- Los recursos p\u00fablicos deben ser utilizados y supervisados con la mayor responsabilidad, esa es nuestra mayor prioridad, expuso el Senador veracruzano, Manuel Huerta durante la instalaci\u00f3n de la Comisi\u00f3n de Vigilancia de la Auditor\u00eda Superior de la Federaci\u00f3n de la C\u00e1mara de Diputados que a partir de hoy preside el legislador, Javier Herrera Borunda.<\/p>\n\n\n\n<p>Ante el presidente de la Junta de Coordinaci\u00f3n Pol\u00edtica del Senado de la Rep\u00fablica, Ricardo Monreal \u00c1vila, el Presidente de la Junta de Coordinaci\u00f3n Pol\u00edtica de la C\u00e1mara de Diputados, Sergio Guti\u00e9rrez Luna y el titular de la Auditor\u00eda Superior de la Federaci\u00f3n, David Colmenares P\u00e1ramo, as\u00ed como los integrantes de la Comisi\u00f3n de Vigilancia, el Senador del pueblo destac\u00f3 la relevancia que implica mantener un estricto control del manejo de los recursos p\u00fablicos.<\/p>\n\n\n\n<p>\u201cLos recursos p\u00fablicos son del pueblo y para el pueblo, como Presidente de la Comisi\u00f3n de Agricultura del Senado, agradezco la deferencia de mis compa\u00f1eros legisladores que me hacen part\u00edcipe sobre la importancia de las facultades en la fiscalizaci\u00f3n de los recursos p\u00fablicos de los entes de Gobierno\u201d, destac\u00f3.<\/p>\n\n\n\n<p>Manuel Huerta subray\u00f3 la necesidad de mantener un control en el ejercicio del presupuesto, as\u00ed como seguir un an\u00e1lisis de la cuenta p\u00fablica, imponer la cultura de la legalidad y sostener una acci\u00f3n preventiva y correctiva en instancias como la Auditor\u00eda Superior de la Federaci\u00f3n, lo que abona al fortalecimiento de la labor fiscalizadora y de rendici\u00f3n de cuenta en el ejercicio del presupuesto federal.<\/p>\n\n\n\n<p>Comparti\u00f3 la satisfacci\u00f3n de que en la Comisi\u00f3n de Vigilancia se encuentren dos veracruzanos, adem\u00e1s del Presidente, Javier Herrera Borunda, el Secretario T\u00e9cnico, Carlos Robles Salda\u00f1a en un legislador con quien comparte retos legislativos de la Cuarta Transformaci\u00f3n.<\/p>\n\n\n\n<p>En la sesi\u00f3n de instalaci\u00f3n, el Senador Huerta intercambi\u00f3 opiniones con \u00d3scar Bernache Dom\u00ednguez, titular de la Unidad de Vinculaci\u00f3n de la Fiscal\u00eda General de la Rep\u00fablica, Ricardo Palma Rojas, de la Unidad de Evaluaci\u00f3n y Control de la Comisi\u00f3n de Vigilancia de la Auditor\u00eda Superior de la Federaci\u00f3n, Ricardo Moreno Herrera, titular de la Unidad de Riesgos y Pol\u00edtica en la Secretaria Ejecutiva del Sistema Nacional Anticorrupci\u00f3n y Delia Gonz\u00e1lez, de la Auditor\u00eda General del \u00f3rgano de Fiscalizaci\u00f3n Superior de Veracruz.<\/p>\n","protected":false},"excerpt":{"rendered":"<p>Redacci\u00f3n Ciudad de M\u00e9xico- Los recursos p\u00fablicos deben ser utilizados y supervisados con la mayor&#8230;<\/p>\n","protected":false},"author":2,"featured_media":39782,"comment_status":"closed","ping_status":"closed","sticky":false,"template":"","format":"standard","meta":{"_monsterinsights_skip_tracking":false,"_monsterinsights_sitenote_active":false,"_monsterinsights_sitenote_note":"","_monsterinsights_sitenote_category":0,"footnotes":""},"categories":[112],"tags":[],"class_list":["post-39781","post","type-post","status-publish","format-standard","has-post-thumbnail","hentry","category-estatal"],"_links":{"self":[{"href":"https:\/\/infoveracruz.com.mx\/index.php\/wp-json\/wp\/v2\/posts\/39781","targetHints":{"allow":["GET"]}}],"collection":[{"href":"https:\/\/infoveracruz.com.mx\/index.php\/wp-json\/wp\/v2\/posts"}],"about":[{"href":"https:\/\/infoveracruz.com.mx\/index.php\/wp-json\/wp\/v2\/types\/post"}],"author":[{"embeddable":true,"href":"https:\/\/infoveracruz.com.mx\/index.php\/wp-json\/wp\/v2\/users\/2"}],"replies":[{"embeddable":true,"href":"https:\/\/infoveracruz.com.mx\/index.php\/wp-json\/wp\/v2\/comments?post=39781"}],"version-history":[{"count":1,"href":"https:\/\/infoveracruz.com.mx\/index.php\/wp-json\/wp\/v2\/posts\/39781\/revisions"}],"predecessor-version":[{"id":39783,"href":"https:\/\/infoveracruz.com.mx\/index.php\/wp-json\/wp\/v2\/posts\/39781\/revisions\/39783"}],"wp:featuredmedia":[{"embeddable":true,"href":"https:\/\/infoveracruz.com.mx\/index.php\/wp-json\/wp\/v2\/media\/39782"}],"wp:attachment":[{"href":"https:\/\/infoveracruz.com.mx\/index.php\/wp-json\/wp\/v2\/media?parent=39781"}],"wp:term":[{"taxonomy":"category","embeddable":true,"href":"https:\/\/infoveracruz.com.mx\/index.php\/wp-json\/wp\/v2\/categories?post=39781"},{"taxonomy":"post_tag","embeddable":true,"href":"https:\/\/infoveracruz.com.mx\/index.php\/wp-json\/wp\/v2\/tags?post=39781"}],"curies":[{"name":"wp","href":"https:\/\/api.w.org\/{rel}","templated":true}]}}