{"id":39774,"date":"2024-10-24T14:36:13","date_gmt":"2024-10-24T19:36:13","guid":{"rendered":"https:\/\/infoveracruz.com.mx\/?p=39774"},"modified":"2024-10-24T14:36:17","modified_gmt":"2024-10-24T19:36:17","slug":"el-pirata-no-cambiara-de-nombre-veracruz-fc-sera-presentado-en-diciembre-bernardo-pasquel","status":"publish","type":"post","link":"https:\/\/infoveracruz.com.mx\/index.php\/2024\/10\/24\/el-pirata-no-cambiara-de-nombre-veracruz-fc-sera-presentado-en-diciembre-bernardo-pasquel\/","title":{"rendered":"El &#8220;Pirata&#8221; no cambiar\u00e1 de nombre; Veracruz FC ser\u00e1 presentado en diciembre: Bernardo Pasquel"},"content":{"rendered":"\n<p><\/p>\n\n\n\n<p>Alejandro \u00c1vila<\/p>\n\n\n\n<p>Boca del R\u00edo, Ver.- El empresario, Bernardo Pasquel M\u00e9ndez, confirm\u00f3 en entrevista que en el mes de diciembre ser\u00e1 presentada la nueva franquicia de Liga Expansi\u00f3n MX, Veracruz FC; al tiempo que dijo, en una primera instancia, el estadio Luis &#8220;Pirata&#8221; Fuente no cambiar\u00e1 de nombre.<\/p>\n\n\n\n<p>&#8220;En diciembre, estamos trabajando con el tema de nombres y todo, y en diciembre yo creo que ya estaremos listos para darles una entrevista a todos ustedes y platicarles cien por ciento de todo el proyecto (\u2026) ser\u00eda una franquicia nueva, un nombre nuevo, colores nuevos, todo ser\u00eda nuevo (\u2026) por el momento Luis &#8216;Pirata&#8217; Fuente, si sale alg\u00fan patrocinador pues ya lo ver\u00edamos&#8221;, expres\u00f3.<\/p>\n\n\n\n<p>Bernardo Pasquel asegur\u00f3 que los veracruzanos podr\u00e1n ver a un equipo competitivo que buscar\u00e1 cada torneo lograr el t\u00edtulo y, dependiendo de los lineamientos de la Federaci\u00f3n Mexicana de F\u00fatbol, buscar\u00e1n a corto plazo instalarse en el m\u00e1ximo circuito, la Liga MX.<\/p>\n\n\n\n<p>Finalmente, el empresario tambi\u00e9n due\u00f1o del \u00c1guila de Veracruz, agreg\u00f3 que habr\u00e1 &#8220;cl\u00e1sico veracruzano&#8221;, pues hay que recordar que el empresario Mako Y\u00e1\u00f1ez, due\u00f1o de Racing de Veracruz, tambi\u00e9n tendr\u00e1 una franquicia de Liga de Expansi\u00f3n MX para mediados del 2025.<\/p>\n","protected":false},"excerpt":{"rendered":"<p>Alejandro \u00c1vila Boca del R\u00edo, Ver.- El empresario, Bernardo Pasquel M\u00e9ndez, confirm\u00f3 en entrevista que&#8230;<\/p>\n","protected":false},"author":2,"featured_media":39775,"comment_status":"closed","ping_status":"closed","sticky":false,"template":"","format":"standard","meta":{"_monsterinsights_skip_tracking":false,"_monsterinsights_sitenote_active":false,"_monsterinsights_sitenote_note":"","_monsterinsights_sitenote_category":0,"footnotes":""},"categories":[111],"tags":[],"class_list":["post-39774","post","type-post","status-publish","format-standard","has-post-thumbnail","hentry","category-local"],"_links":{"self":[{"href":"https:\/\/infoveracruz.com.mx\/index.php\/wp-json\/wp\/v2\/posts\/39774","targetHints":{"allow":["GET"]}}],"collection":[{"href":"https:\/\/infoveracruz.com.mx\/index.php\/wp-json\/wp\/v2\/posts"}],"about":[{"href":"https:\/\/infoveracruz.com.mx\/index.php\/wp-json\/wp\/v2\/types\/post"}],"author":[{"embeddable":true,"href":"https:\/\/infoveracruz.com.mx\/index.php\/wp-json\/wp\/v2\/users\/2"}],"replies":[{"embeddable":true,"href":"https:\/\/infoveracruz.com.mx\/index.php\/wp-json\/wp\/v2\/comments?post=39774"}],"version-history":[{"count":1,"href":"https:\/\/infoveracruz.com.mx\/index.php\/wp-json\/wp\/v2\/posts\/39774\/revisions"}],"predecessor-version":[{"id":39776,"href":"https:\/\/infoveracruz.com.mx\/index.php\/wp-json\/wp\/v2\/posts\/39774\/revisions\/39776"}],"wp:featuredmedia":[{"embeddable":true,"href":"https:\/\/infoveracruz.com.mx\/index.php\/wp-json\/wp\/v2\/media\/39775"}],"wp:attachment":[{"href":"https:\/\/infoveracruz.com.mx\/index.php\/wp-json\/wp\/v2\/media?parent=39774"}],"wp:term":[{"taxonomy":"category","embeddable":true,"href":"https:\/\/infoveracruz.com.mx\/index.php\/wp-json\/wp\/v2\/categories?post=39774"},{"taxonomy":"post_tag","embeddable":true,"href":"https:\/\/infoveracruz.com.mx\/index.php\/wp-json\/wp\/v2\/tags?post=39774"}],"curies":[{"name":"wp","href":"https:\/\/api.w.org\/{rel}","templated":true}]}}