{"id":39772,"date":"2024-10-24T14:33:50","date_gmt":"2024-10-24T19:33:50","guid":{"rendered":"https:\/\/infoveracruz.com.mx\/?p=39772"},"modified":"2024-10-24T14:33:53","modified_gmt":"2024-10-24T19:33:53","slug":"aseguran-bomberos-a-cocodrilo-que-se-metio-a-una-escuela-en-veracruz","status":"publish","type":"post","link":"https:\/\/infoveracruz.com.mx\/index.php\/2024\/10\/24\/aseguran-bomberos-a-cocodrilo-que-se-metio-a-una-escuela-en-veracruz\/","title":{"rendered":"Aseguran Bomberos a cocodrilo que se meti\u00f3 a una escuela en Veracruz"},"content":{"rendered":"\n<p><br>Danytza Flores.<\/p>\n\n\n\n<p><br>Veracruz, Ver.-Una cr\u00eda de cocodrilo que se encontraba al interior de una instituci\u00f3n educativa, ubicada al sur poniente de la ciudad de Veracruz, fue asegurado la ma\u00f1ana de este jueves por cuerpos de rescate.<br>Los hechos se registraron en el Centro de Estudios de la Vera-Cruz, ubicado en la calle circuito florida poniente #187 del Fraccionamiento Florida.<br>El reptil de aproximadamente 70 cent\u00edmetros fue hallado en un tubo de desag\u00fce pluvial y atrapado por personal del plantel para para evitar que pudiera escapar y resguardar a los alumnos.<br>El hallazgo moviliz\u00f3 al personal del Heroico Cuerpo de Bomberos, el cual fue el encargado de asegurarlo para llev\u00e1rselo en una jaula transportadora.<br>Se sabe que el animal ser\u00eda llevado a las instalaciones del Parque Viveros, donde un m\u00e9dico veterinario determinar\u00e1 su g\u00e9nero, edad, especie y estado de salud para despu\u00e9s reubicarlo, ya sea en una \u00e1rea de manejo ambiental o en alguna \u00e1rea natural.<br>Cabe recordar que es el segundo caso que se registra, pues apenas en esta semana hubo otro avistamiento y captura de otro cocodrilo de gran tama\u00f1o a la orilla del r\u00edo Jamapa, al parecer es resultado de las fuertes lluvias que se registraron este fin de semana en la zona conurbada.<br>Autoridades de la Procuradur\u00eda de Medio Ambiente (PMA), dijeron que es normal estos casos, debido a que la zona conurbada tiene un ecosistema de manglares, de lagunas y humedales.<\/p>\n\n\n\n<h1 class=\"wp-block-heading\">#Cocodrilo #Escuela #La Florida #Veracruz<\/h1>\n","protected":false},"excerpt":{"rendered":"<p>Danytza Flores. Veracruz, Ver.-Una cr\u00eda de cocodrilo que se encontraba al interior de una instituci\u00f3n&#8230;<\/p>\n","protected":false},"author":2,"featured_media":0,"comment_status":"closed","ping_status":"closed","sticky":false,"template":"","format":"standard","meta":{"_monsterinsights_skip_tracking":false,"_monsterinsights_sitenote_active":false,"_monsterinsights_sitenote_note":"","_monsterinsights_sitenote_category":0,"footnotes":""},"categories":[111],"tags":[],"class_list":["post-39772","post","type-post","status-publish","format-standard","hentry","category-local"],"_links":{"self":[{"href":"https:\/\/infoveracruz.com.mx\/index.php\/wp-json\/wp\/v2\/posts\/39772","targetHints":{"allow":["GET"]}}],"collection":[{"href":"https:\/\/infoveracruz.com.mx\/index.php\/wp-json\/wp\/v2\/posts"}],"about":[{"href":"https:\/\/infoveracruz.com.mx\/index.php\/wp-json\/wp\/v2\/types\/post"}],"author":[{"embeddable":true,"href":"https:\/\/infoveracruz.com.mx\/index.php\/wp-json\/wp\/v2\/users\/2"}],"replies":[{"embeddable":true,"href":"https:\/\/infoveracruz.com.mx\/index.php\/wp-json\/wp\/v2\/comments?post=39772"}],"version-history":[{"count":1,"href":"https:\/\/infoveracruz.com.mx\/index.php\/wp-json\/wp\/v2\/posts\/39772\/revisions"}],"predecessor-version":[{"id":39773,"href":"https:\/\/infoveracruz.com.mx\/index.php\/wp-json\/wp\/v2\/posts\/39772\/revisions\/39773"}],"wp:attachment":[{"href":"https:\/\/infoveracruz.com.mx\/index.php\/wp-json\/wp\/v2\/media?parent=39772"}],"wp:term":[{"taxonomy":"category","embeddable":true,"href":"https:\/\/infoveracruz.com.mx\/index.php\/wp-json\/wp\/v2\/categories?post=39772"},{"taxonomy":"post_tag","embeddable":true,"href":"https:\/\/infoveracruz.com.mx\/index.php\/wp-json\/wp\/v2\/tags?post=39772"}],"curies":[{"name":"wp","href":"https:\/\/api.w.org\/{rel}","templated":true}]}}