{"id":39769,"date":"2024-10-24T14:25:22","date_gmt":"2024-10-24T19:25:22","guid":{"rendered":"https:\/\/infoveracruz.com.mx\/?p=39769"},"modified":"2024-10-24T14:25:24","modified_gmt":"2024-10-24T19:25:24","slug":"invitan-al-paseo-masivo-ciclista-critical-mass-dia-de-muertos-vs-halloween","status":"publish","type":"post","link":"https:\/\/infoveracruz.com.mx\/index.php\/2024\/10\/24\/invitan-al-paseo-masivo-ciclista-critical-mass-dia-de-muertos-vs-halloween\/","title":{"rendered":"Invitan al Paseo Masivo Ciclista Critical Mass \u201cD\u00eda de Muertos vs Halloween\u201d"},"content":{"rendered":"\n<p><\/p>\n\n\n\n<p><em>Redacci\u00f3n InfoVeracruz. <\/em><\/p>\n\n\n\n<p><em>Veracruz, Ver., 24 de octubre 2024.-<\/em> El pr\u00f3ximo viernes 25 de octubre, a las 18:00 horas, se llevar\u00e1 a cabo el tradicional Paseo Masivo Ciclista Critical Mass \u201cD\u00eda de Muertos vs Halloween\u201d, en la Macroplaza del Malec\u00f3n de Veracruz, en conmemoraci\u00f3n del D\u00eda de Muertos.<\/p>\n\n\n\n<p>Jos\u00e9 Antonio Salvatori Arjona, director de Deportes del Ayuntamiento de Veracruz, destac\u00f3 que este evento, que se realiza anualmente, ha tenido una excelente respuesta por parte de personas de todas las edades, quienes asisten caracterizados para celebrar esta importante tradici\u00f3n.<\/p>\n\n\n\n<p>Inform\u00f3 que las personas interesadas en participar deben acudir a la Macroplaza a las 18:00 horas con su bicicleta, scooter o pat\u00edn del diablo. La participaci\u00f3n es gratuita, y aquellos que no cuenten con equipo pueden rentarlo en el lugar con los patrocinadores Bicicentro Lezama y Kino.<\/p>\n\n\n\n<p>Manifest\u00f3 que no es necesario registrarse previamente; solo es cuesti\u00f3n de llegar a la hora indicada. Se regalar\u00e1n playeras a los primeros 500 asistentes.<\/p>\n\n\n\n<p>Salvatori dijo que el recorrido contar\u00e1 con dos rutas sobre el bulevar \u00c1vila Camacho con salida y meta en la Macroplaza: una de 3 kil\u00f3metros, pensada para los ni\u00f1os, que llegar\u00e1 hasta la calle Amado Nervo, y otra de 5 kil\u00f3metros, que se extender\u00e1 hasta la avenida Xicot\u00e9ncatl, subrayando que las vialidades estar\u00e1n cerradas para garantizar la seguridad de todos los asistentes.<\/p>\n\n\n\n<p>Reiter\u00f3 que el evento est\u00e1 abierto a personas de todas las edades, desde ni\u00f1os peque\u00f1os acompa\u00f1ados de sus padres hasta adultos mayores. Adem\u00e1s, las mascotas tambi\u00e9n son bienvenidas.<\/p>\n\n\n\n<p>Dio a conocer que al finalizar el paseo, los asistentes podr\u00e1n disfrutar de m\u00fasica a cargo de un DJ, juegos inflables para los ni\u00f1os y premios para los tres mejores disfraces. El evento concluir\u00e1 a las 22:00 horas, con el bulevar cerrado para que los participantes sigan disfrutando del paseo en bicicleta.<\/p>\n\n\n\n<p>Por \u00faltimo inform\u00f3 que las autoridades de Tr\u00e1nsito, Protecci\u00f3n Civil y Polic\u00eda estar\u00e1n presentes para asegurar el buen desarrollo del evento, garantizando un ambiente seguro y familiar para todos los asistentes.<\/p>\n\n\n\n<p>Se espera una participaci\u00f3n de alrededor de 500 personas.<\/p>\n","protected":false},"excerpt":{"rendered":"<p>Redacci\u00f3n InfoVeracruz. Veracruz, Ver., 24 de octubre 2024.- El pr\u00f3ximo viernes 25 de octubre, a&#8230;<\/p>\n","protected":false},"author":2,"featured_media":39770,"comment_status":"closed","ping_status":"closed","sticky":false,"template":"","format":"standard","meta":{"_monsterinsights_skip_tracking":false,"_monsterinsights_sitenote_active":false,"_monsterinsights_sitenote_note":"","_monsterinsights_sitenote_category":0,"footnotes":""},"categories":[111],"tags":[],"class_list":["post-39769","post","type-post","status-publish","format-standard","has-post-thumbnail","hentry","category-local"],"_links":{"self":[{"href":"https:\/\/infoveracruz.com.mx\/index.php\/wp-json\/wp\/v2\/posts\/39769","targetHints":{"allow":["GET"]}}],"collection":[{"href":"https:\/\/infoveracruz.com.mx\/index.php\/wp-json\/wp\/v2\/posts"}],"about":[{"href":"https:\/\/infoveracruz.com.mx\/index.php\/wp-json\/wp\/v2\/types\/post"}],"author":[{"embeddable":true,"href":"https:\/\/infoveracruz.com.mx\/index.php\/wp-json\/wp\/v2\/users\/2"}],"replies":[{"embeddable":true,"href":"https:\/\/infoveracruz.com.mx\/index.php\/wp-json\/wp\/v2\/comments?post=39769"}],"version-history":[{"count":1,"href":"https:\/\/infoveracruz.com.mx\/index.php\/wp-json\/wp\/v2\/posts\/39769\/revisions"}],"predecessor-version":[{"id":39771,"href":"https:\/\/infoveracruz.com.mx\/index.php\/wp-json\/wp\/v2\/posts\/39769\/revisions\/39771"}],"wp:featuredmedia":[{"embeddable":true,"href":"https:\/\/infoveracruz.com.mx\/index.php\/wp-json\/wp\/v2\/media\/39770"}],"wp:attachment":[{"href":"https:\/\/infoveracruz.com.mx\/index.php\/wp-json\/wp\/v2\/media?parent=39769"}],"wp:term":[{"taxonomy":"category","embeddable":true,"href":"https:\/\/infoveracruz.com.mx\/index.php\/wp-json\/wp\/v2\/categories?post=39769"},{"taxonomy":"post_tag","embeddable":true,"href":"https:\/\/infoveracruz.com.mx\/index.php\/wp-json\/wp\/v2\/tags?post=39769"}],"curies":[{"name":"wp","href":"https:\/\/api.w.org\/{rel}","templated":true}]}}