{"id":39766,"date":"2024-10-24T13:42:03","date_gmt":"2024-10-24T18:42:03","guid":{"rendered":"https:\/\/infoveracruz.com.mx\/?p=39766"},"modified":"2024-10-24T13:42:05","modified_gmt":"2024-10-24T18:42:05","slug":"persiste-el-maltrato-animal-dejaron-amarrados-a-los-perros-bajo-intensas-lluvias","status":"publish","type":"post","link":"https:\/\/infoveracruz.com.mx\/index.php\/2024\/10\/24\/persiste-el-maltrato-animal-dejaron-amarrados-a-los-perros-bajo-intensas-lluvias\/","title":{"rendered":"Persiste el maltrato animal; dejaron amarrados a los perros bajo intensas lluvias"},"content":{"rendered":"\n<p><br>Susana Cruz.<\/p>\n\n\n\n<p><br>Veracruz, Ver. La presidenta de Amo la Vida Grupo Pro Mejora Animal, Ana Mar\u00eda Rivas S\u00e1enz, denunci\u00f3 el maltrato a mascotas en la ciudad de Veracruz, especialmente en la zona norte, donde se han reportado m\u00faltiples casos de perros amarrados en azoteas y patios durante las intensas lluvias de los \u00faltimos d\u00edas<br>Agreg\u00f3 que reciben cerca de 7 reportes diarios de perros bajo la lluvia y con cadenas. La zona norte de Veracruz presenta el mayor \u00edndice de maltrato animal.<br>Estamos muy indignados por los reportes diarios ahorita que hubo mal tiempo, de perros bajo la lluvia, en las azoteas y con la lluvia encima. Los gatitos, como a ellos no los amarran, pueden buscar d\u00f3nde resguardarse, pero perritos s\u00ed fueron bastantes, yo creo que en un d\u00eda fueron 7 reportes al menos\u201d.<br>Se han recibido im\u00e1genes de perros necesitados de ayuda por ello pidi\u00f3 a las autoridades de Protecci\u00f3n Animal y al Centro de Salud Animal que regulen esta situaci\u00f3n y sancionen a los propietarios negligentes. Tambi\u00e9n exhort\u00f3 a la poblaci\u00f3n a reportar cualquier caso de maltrato animal.<br>&#8220;Que por favor se regule esa cantidad de animalitos que hay sufriendo, y a la ciudadan\u00eda, que tenga tantita conciencia\u201d.<br>Pidi\u00f3 a los vecinos que reporten cualquier acto de crueldad animal del que lleguen a ser testigos, pero sobre todas las autoridades a que sancionen y apliquen los reglamentos.<\/p>\n\n\n\n<h1 class=\"wp-block-heading\">#maltratoanimal #perros #intensas lluvias<\/h1>\n","protected":false},"excerpt":{"rendered":"<p>Susana Cruz. Veracruz, Ver. La presidenta de Amo la Vida Grupo Pro Mejora Animal, Ana&#8230;<\/p>\n","protected":false},"author":2,"featured_media":39767,"comment_status":"closed","ping_status":"closed","sticky":false,"template":"","format":"standard","meta":{"_monsterinsights_skip_tracking":false,"_monsterinsights_sitenote_active":false,"_monsterinsights_sitenote_note":"","_monsterinsights_sitenote_category":0,"footnotes":""},"categories":[111],"tags":[],"class_list":["post-39766","post","type-post","status-publish","format-standard","has-post-thumbnail","hentry","category-local"],"_links":{"self":[{"href":"https:\/\/infoveracruz.com.mx\/index.php\/wp-json\/wp\/v2\/posts\/39766","targetHints":{"allow":["GET"]}}],"collection":[{"href":"https:\/\/infoveracruz.com.mx\/index.php\/wp-json\/wp\/v2\/posts"}],"about":[{"href":"https:\/\/infoveracruz.com.mx\/index.php\/wp-json\/wp\/v2\/types\/post"}],"author":[{"embeddable":true,"href":"https:\/\/infoveracruz.com.mx\/index.php\/wp-json\/wp\/v2\/users\/2"}],"replies":[{"embeddable":true,"href":"https:\/\/infoveracruz.com.mx\/index.php\/wp-json\/wp\/v2\/comments?post=39766"}],"version-history":[{"count":1,"href":"https:\/\/infoveracruz.com.mx\/index.php\/wp-json\/wp\/v2\/posts\/39766\/revisions"}],"predecessor-version":[{"id":39768,"href":"https:\/\/infoveracruz.com.mx\/index.php\/wp-json\/wp\/v2\/posts\/39766\/revisions\/39768"}],"wp:featuredmedia":[{"embeddable":true,"href":"https:\/\/infoveracruz.com.mx\/index.php\/wp-json\/wp\/v2\/media\/39767"}],"wp:attachment":[{"href":"https:\/\/infoveracruz.com.mx\/index.php\/wp-json\/wp\/v2\/media?parent=39766"}],"wp:term":[{"taxonomy":"category","embeddable":true,"href":"https:\/\/infoveracruz.com.mx\/index.php\/wp-json\/wp\/v2\/categories?post=39766"},{"taxonomy":"post_tag","embeddable":true,"href":"https:\/\/infoveracruz.com.mx\/index.php\/wp-json\/wp\/v2\/tags?post=39766"}],"curies":[{"name":"wp","href":"https:\/\/api.w.org\/{rel}","templated":true}]}}