{"id":39763,"date":"2024-10-24T13:33:04","date_gmt":"2024-10-24T18:33:04","guid":{"rendered":"https:\/\/infoveracruz.com.mx\/?p=39763"},"modified":"2024-10-24T13:33:07","modified_gmt":"2024-10-24T18:33:07","slug":"habra-acopio-de-croquetas-y-altar-de-mascotas","status":"publish","type":"post","link":"https:\/\/infoveracruz.com.mx\/index.php\/2024\/10\/24\/habra-acopio-de-croquetas-y-altar-de-mascotas\/","title":{"rendered":"Habr\u00e1 acopio de croquetas y altar de mascotas"},"content":{"rendered":"\n<p><br>Susana Cruz.<\/p>\n\n\n\n<p><br>Veracruz, Ver. Como parte de los festejos de D\u00eda de Muertos se realizar\u00e1n diferentes actividades como un acopio de croquetas y altar de mascotas.<br>Activistas se\u00f1alaron que se instalar\u00e1n altares en memoria de las mascotas fallecidas, pero sobre todo se busca que la comunidad participe donando croquetas para los albergues.<br>El 26 de noviembre se realizar\u00e1 en la calle Mart\u00ed y Garz\u00f3n Cossa el concurso Can-trinas y Can-trines que dar\u00e1 premios en efectivos, adem\u00e1s se realizar\u00e1 la recolecci\u00f3n de croquetas para apoyar al albergue El Terrenito.<br>\u201cNosotros como agrupaci\u00f3n , tenemos eventos, el pr\u00f3ximo 25 y 26 de octubre, est\u00e1 invitando hacer un donativo de croquetas para ayudar al alberga el Terrenito que est\u00e1 en R\u00edo Medio que cuenta con 30 perritos rescatados y las croquetas son muy necesarias\u201d.<br>Se realizar\u00e1 del 1 al 3 de noviembre la Expo con Causa en Mart\u00ed y Espa\u00f1a y con lo recaudado se realizar\u00e1n campa\u00f1as de esterilizaci\u00f3n.<br>\u201cEl domingo 3 de noviembre tendremos el altar de muertos en la Expo Promejora animal en donde la gente podr\u00e1 llevar las fotos de sus gatitos y perritos para poder recordarlos, se les invita a llevar la comida que m\u00e1s les gustaba a sus gatitos y perritos, para poder armar el altar\u201d.<br>Adem\u00e1s en el parque zool\u00f3gico &#8220;Miguel \u00c1ngel de Quevedo&#8221; se realizar\u00e1 un altar de muertos dedicado a los animalitos, por lo que invit\u00f3 a la gente a llevar la foto de su mascota fallecida.<\/p>\n\n\n\n<h1 class=\"wp-block-heading\">#acopiodecroquetas #altar de mascotas #albergue animal<\/h1>\n","protected":false},"excerpt":{"rendered":"<p>Susana Cruz. Veracruz, Ver. Como parte de los festejos de D\u00eda de Muertos se realizar\u00e1n&#8230;<\/p>\n","protected":false},"author":2,"featured_media":39764,"comment_status":"closed","ping_status":"closed","sticky":false,"template":"","format":"standard","meta":{"_monsterinsights_skip_tracking":false,"_monsterinsights_sitenote_active":false,"_monsterinsights_sitenote_note":"","_monsterinsights_sitenote_category":0,"footnotes":""},"categories":[111],"tags":[],"class_list":["post-39763","post","type-post","status-publish","format-standard","has-post-thumbnail","hentry","category-local"],"_links":{"self":[{"href":"https:\/\/infoveracruz.com.mx\/index.php\/wp-json\/wp\/v2\/posts\/39763","targetHints":{"allow":["GET"]}}],"collection":[{"href":"https:\/\/infoveracruz.com.mx\/index.php\/wp-json\/wp\/v2\/posts"}],"about":[{"href":"https:\/\/infoveracruz.com.mx\/index.php\/wp-json\/wp\/v2\/types\/post"}],"author":[{"embeddable":true,"href":"https:\/\/infoveracruz.com.mx\/index.php\/wp-json\/wp\/v2\/users\/2"}],"replies":[{"embeddable":true,"href":"https:\/\/infoveracruz.com.mx\/index.php\/wp-json\/wp\/v2\/comments?post=39763"}],"version-history":[{"count":1,"href":"https:\/\/infoveracruz.com.mx\/index.php\/wp-json\/wp\/v2\/posts\/39763\/revisions"}],"predecessor-version":[{"id":39765,"href":"https:\/\/infoveracruz.com.mx\/index.php\/wp-json\/wp\/v2\/posts\/39763\/revisions\/39765"}],"wp:featuredmedia":[{"embeddable":true,"href":"https:\/\/infoveracruz.com.mx\/index.php\/wp-json\/wp\/v2\/media\/39764"}],"wp:attachment":[{"href":"https:\/\/infoveracruz.com.mx\/index.php\/wp-json\/wp\/v2\/media?parent=39763"}],"wp:term":[{"taxonomy":"category","embeddable":true,"href":"https:\/\/infoveracruz.com.mx\/index.php\/wp-json\/wp\/v2\/categories?post=39763"},{"taxonomy":"post_tag","embeddable":true,"href":"https:\/\/infoveracruz.com.mx\/index.php\/wp-json\/wp\/v2\/tags?post=39763"}],"curies":[{"name":"wp","href":"https:\/\/api.w.org\/{rel}","templated":true}]}}