{"id":39741,"date":"2024-10-24T05:30:26","date_gmt":"2024-10-24T10:30:26","guid":{"rendered":"https:\/\/infoveracruz.com.mx\/?p=39741"},"modified":"2024-10-24T05:30:30","modified_gmt":"2024-10-24T10:30:30","slug":"liberan-cuatro-personas-privadas-de-su-libertad-en-tuxpan","status":"publish","type":"post","link":"https:\/\/infoveracruz.com.mx\/index.php\/2024\/10\/24\/liberan-cuatro-personas-privadas-de-su-libertad-en-tuxpan\/","title":{"rendered":"Liberan cuatro personas privadas de su libertad en Tuxpan"},"content":{"rendered":"\n<p>Redacci\u00f3n Infoveracruz<\/p>\n\n\n\n<p>Tuxpan, Ver,. 23 de octubre del 2024.-La Fiscal\u00eda General del Estado, dio a conocer que elementos de la Unidad Especializada en Combate al Secuestro, sede Tuxpan, lograron la liberaci\u00f3n de cuatro v\u00edctimas privadas de su libertad.<\/p>\n\n\n\n<p>Los hechos ocurrieron \u00e9ste mi\u00e9rcoles, cuando derivado de la investigaci\u00f3n de campo y de gabinete, se ubic\u00f3 un inmueble utilizado como casa de seguridad en la colonia Pisaflores, del municipio de Tuxpan.<\/p>\n\n\n\n<p>Asimismo, durante el operativo, se logr\u00f3 la detenci\u00f3n en flagrancia de Mario Alberto \u201cN\u201d, Jos\u00e9 Lito \u201cN\u201d y Santos \u201cN\u201d, presuntos integrantes de una c\u00e9lula delictiva, a quienes se les aseguraron diversas armas. ( Comunicado FGE ).<\/p>\n","protected":false},"excerpt":{"rendered":"<p>Redacci\u00f3n Infoveracruz Tuxpan, Ver,. 23 de octubre del 2024.-La Fiscal\u00eda General del Estado, dio a&#8230;<\/p>\n","protected":false},"author":2,"featured_media":39742,"comment_status":"closed","ping_status":"closed","sticky":false,"template":"","format":"standard","meta":{"_monsterinsights_skip_tracking":false,"_monsterinsights_sitenote_active":false,"_monsterinsights_sitenote_note":"","_monsterinsights_sitenote_category":0,"footnotes":""},"categories":[112],"tags":[],"class_list":["post-39741","post","type-post","status-publish","format-standard","has-post-thumbnail","hentry","category-estatal"],"_links":{"self":[{"href":"https:\/\/infoveracruz.com.mx\/index.php\/wp-json\/wp\/v2\/posts\/39741","targetHints":{"allow":["GET"]}}],"collection":[{"href":"https:\/\/infoveracruz.com.mx\/index.php\/wp-json\/wp\/v2\/posts"}],"about":[{"href":"https:\/\/infoveracruz.com.mx\/index.php\/wp-json\/wp\/v2\/types\/post"}],"author":[{"embeddable":true,"href":"https:\/\/infoveracruz.com.mx\/index.php\/wp-json\/wp\/v2\/users\/2"}],"replies":[{"embeddable":true,"href":"https:\/\/infoveracruz.com.mx\/index.php\/wp-json\/wp\/v2\/comments?post=39741"}],"version-history":[{"count":1,"href":"https:\/\/infoveracruz.com.mx\/index.php\/wp-json\/wp\/v2\/posts\/39741\/revisions"}],"predecessor-version":[{"id":39743,"href":"https:\/\/infoveracruz.com.mx\/index.php\/wp-json\/wp\/v2\/posts\/39741\/revisions\/39743"}],"wp:featuredmedia":[{"embeddable":true,"href":"https:\/\/infoveracruz.com.mx\/index.php\/wp-json\/wp\/v2\/media\/39742"}],"wp:attachment":[{"href":"https:\/\/infoveracruz.com.mx\/index.php\/wp-json\/wp\/v2\/media?parent=39741"}],"wp:term":[{"taxonomy":"category","embeddable":true,"href":"https:\/\/infoveracruz.com.mx\/index.php\/wp-json\/wp\/v2\/categories?post=39741"},{"taxonomy":"post_tag","embeddable":true,"href":"https:\/\/infoveracruz.com.mx\/index.php\/wp-json\/wp\/v2\/tags?post=39741"}],"curies":[{"name":"wp","href":"https:\/\/api.w.org\/{rel}","templated":true}]}}