{"id":39207,"date":"2024-10-10T18:42:50","date_gmt":"2024-10-10T23:42:50","guid":{"rendered":"https:\/\/infoveracruz.com.mx\/?p=39207"},"modified":"2024-10-10T18:42:52","modified_gmt":"2024-10-10T23:42:52","slug":"en-cotaxtla-exigen-a-pma-intervenga-sobre-empresa-avicola-por-contaminacion-a-cultivos","status":"publish","type":"post","link":"https:\/\/infoveracruz.com.mx\/index.php\/2024\/10\/10\/en-cotaxtla-exigen-a-pma-intervenga-sobre-empresa-avicola-por-contaminacion-a-cultivos\/","title":{"rendered":"En Cotaxtla exigen a PMA intervenga sobre empresa av\u00edcola por contaminaci\u00f3n a cultivos"},"content":{"rendered":"\n<p><\/p>\n\n\n\n<p>Alejandro \u00c1vila<\/p>\n\n\n\n<p>Cotaxtla, Ver.- Ciudadanos de las localidades El Pedregal y Progreso en el municipio de Cotaxtla solicitan la intervenci\u00f3n de la Procuradur\u00eda de Medio Ambiente (PMA), debido a que la empresa Av\u00edcola San Antonio infringe la ley al descargar sus aguas residuales sobre cultivos de lim\u00f3n y ca\u00f1a de az\u00facar.<\/p>\n\n\n\n<p>De la misma manera, empleados aprovecharon para solicitar la intervenci\u00f3n de la Secretar\u00eda de Trabajo y Previsi\u00f3n Social debido a diversas irregularidades en la empresa av\u00edcola.<\/p>\n\n\n\n<p>Las descargas de aguas negras que contaminan los cultivos y deja olores fetidos, son una clara violaci\u00f3n a la Ley Estatal de Protecci\u00f3n Civil y la Ley Estatal de Obras P\u00fablicas y Privadas para el Estado de Veracruz al no cumplir con la infraestructura para procesar sus desechos, mencion\u00f3 el director de Protecci\u00f3n Civil, Hugo D\u00edaz Puga.<\/p>\n\n\n\n<p>Por su parte, los trabajadores denuncian que la empresa no les entrega uniformes ni botas conforme a los contratos y los obligan a trabajar horas extras, con exigencias de parte de los supervisores y gerentes de las plantas que, adem\u00e1s de los malos tratos y en varias ocasiones han acosado a las empleadas.<\/p>\n\n\n\n<p>En Cotaxtla operan siete plantas de Av\u00edcola San Antonio con una producci\u00f3n de 600 mil pollos por planta mensuales y la ocupaci\u00f3n de unas 70 personas por cada planta.<\/p>\n","protected":false},"excerpt":{"rendered":"<p>Alejandro \u00c1vila Cotaxtla, Ver.- Ciudadanos de las localidades El Pedregal y Progreso en el municipio&#8230;<\/p>\n","protected":false},"author":2,"featured_media":39208,"comment_status":"closed","ping_status":"closed","sticky":false,"template":"","format":"standard","meta":{"_monsterinsights_skip_tracking":false,"_monsterinsights_sitenote_active":false,"_monsterinsights_sitenote_note":"","_monsterinsights_sitenote_category":0,"footnotes":""},"categories":[111],"tags":[],"class_list":["post-39207","post","type-post","status-publish","format-standard","has-post-thumbnail","hentry","category-local"],"_links":{"self":[{"href":"https:\/\/infoveracruz.com.mx\/index.php\/wp-json\/wp\/v2\/posts\/39207","targetHints":{"allow":["GET"]}}],"collection":[{"href":"https:\/\/infoveracruz.com.mx\/index.php\/wp-json\/wp\/v2\/posts"}],"about":[{"href":"https:\/\/infoveracruz.com.mx\/index.php\/wp-json\/wp\/v2\/types\/post"}],"author":[{"embeddable":true,"href":"https:\/\/infoveracruz.com.mx\/index.php\/wp-json\/wp\/v2\/users\/2"}],"replies":[{"embeddable":true,"href":"https:\/\/infoveracruz.com.mx\/index.php\/wp-json\/wp\/v2\/comments?post=39207"}],"version-history":[{"count":1,"href":"https:\/\/infoveracruz.com.mx\/index.php\/wp-json\/wp\/v2\/posts\/39207\/revisions"}],"predecessor-version":[{"id":39209,"href":"https:\/\/infoveracruz.com.mx\/index.php\/wp-json\/wp\/v2\/posts\/39207\/revisions\/39209"}],"wp:featuredmedia":[{"embeddable":true,"href":"https:\/\/infoveracruz.com.mx\/index.php\/wp-json\/wp\/v2\/media\/39208"}],"wp:attachment":[{"href":"https:\/\/infoveracruz.com.mx\/index.php\/wp-json\/wp\/v2\/media?parent=39207"}],"wp:term":[{"taxonomy":"category","embeddable":true,"href":"https:\/\/infoveracruz.com.mx\/index.php\/wp-json\/wp\/v2\/categories?post=39207"},{"taxonomy":"post_tag","embeddable":true,"href":"https:\/\/infoveracruz.com.mx\/index.php\/wp-json\/wp\/v2\/tags?post=39207"}],"curies":[{"name":"wp","href":"https:\/\/api.w.org\/{rel}","templated":true}]}}