{"id":39158,"date":"2024-10-09T17:13:50","date_gmt":"2024-10-09T22:13:50","guid":{"rendered":"https:\/\/infoveracruz.com.mx\/?p=39158"},"modified":"2024-10-09T17:16:14","modified_gmt":"2024-10-09T22:16:14","slug":"un-nuevo-puente-en-boca-del-rio-alvarado-mejorara-la-circulacion-ingenieros-civiles","status":"publish","type":"post","link":"https:\/\/infoveracruz.com.mx\/index.php\/2024\/10\/09\/un-nuevo-puente-en-boca-del-rio-alvarado-mejorara-la-circulacion-ingenieros-civiles\/","title":{"rendered":"Un nuevo puente en Boca del R\u00edo-Alvarado mejorar\u00e1 la circulaci\u00f3n, Ingenieros Civiles"},"content":{"rendered":"\n<p><br>Danytza Flores.<\/p>\n\n\n\n<p><br>Boca del R\u00edo, Ver-Un nuevo puente y mantener el que est\u00e1 en la actualidad ser\u00eda lo ideal para desahogar el trafico vehicular en la zona de Boca del R\u00edo-Alvarado, consider\u00f3 el Colegio de Ingenieros Civiles de Veracruz.<br>Sergio Aguilar Rivera, presidente de la agrupaci\u00f3n, calcul\u00f3 que un proyecto de esa magnitud podr\u00eda costar de 600 a 700 millones de pesos a m\u00e1s, dependiendo las caracter\u00edsticas del mismo.<br>\u201cLo ideal pero l\u00f3gicamente el costos es muy alto, hacer un puente nuevo, mantener el que ya est\u00e1 para finalmente tener un flujo constante de vehiculos, pero si un puente nuevo permitir\u00eda mejorar la movilidad\u201d<br>Reconoce que se tratar\u00eda un proyecto complicado, pero no imposible porque hay que tomar en cuenta los derechos v\u00edas, las construcciones que hay en la zona y otros aspectos m\u00e1s.<br>De impulsarse la obra, se espera que se contrate mano de obra local, generando de 600 a 800 empleos directos e indirectos para la ciudad, entre obreros, operadores, proveedores, con un tiempo de beneficio que podr\u00eda durar hasta 18 meses.<br>El colegiado puso a disposici\u00f3n el Colegio de Ingenieros de Veracruz para evaluar y supervisar el proyecto en conjunto con el Gobierno Estatal y Federal a fin de mejorarlo.<br>Afirm\u00f3 que este puente mejorar\u00e1 la circulaci\u00f3n y conectar\u00e1 a la Riviera Veracruzana, y una de las opciones m\u00e1s viables es conectar el bulevar Vicente Fox con la Isla del Amor en la Riviera Veracruzana.<\/p>\n\n\n\n<h1 class=\"wp-block-heading\">#Puente #Boca del R\u00edo-Alvarado #Circulaci\u00f3n<\/h1>\n","protected":false},"excerpt":{"rendered":"<p>Danytza Flores. Boca del R\u00edo, Ver-Un nuevo puente y mantener el que est\u00e1 en la&#8230;<\/p>\n","protected":false},"author":2,"featured_media":39160,"comment_status":"closed","ping_status":"closed","sticky":false,"template":"","format":"standard","meta":{"_monsterinsights_skip_tracking":false,"_monsterinsights_sitenote_active":false,"_monsterinsights_sitenote_note":"","_monsterinsights_sitenote_category":0,"footnotes":""},"categories":[111],"tags":[],"class_list":["post-39158","post","type-post","status-publish","format-standard","has-post-thumbnail","hentry","category-local"],"_links":{"self":[{"href":"https:\/\/infoveracruz.com.mx\/index.php\/wp-json\/wp\/v2\/posts\/39158","targetHints":{"allow":["GET"]}}],"collection":[{"href":"https:\/\/infoveracruz.com.mx\/index.php\/wp-json\/wp\/v2\/posts"}],"about":[{"href":"https:\/\/infoveracruz.com.mx\/index.php\/wp-json\/wp\/v2\/types\/post"}],"author":[{"embeddable":true,"href":"https:\/\/infoveracruz.com.mx\/index.php\/wp-json\/wp\/v2\/users\/2"}],"replies":[{"embeddable":true,"href":"https:\/\/infoveracruz.com.mx\/index.php\/wp-json\/wp\/v2\/comments?post=39158"}],"version-history":[{"count":1,"href":"https:\/\/infoveracruz.com.mx\/index.php\/wp-json\/wp\/v2\/posts\/39158\/revisions"}],"predecessor-version":[{"id":39159,"href":"https:\/\/infoveracruz.com.mx\/index.php\/wp-json\/wp\/v2\/posts\/39158\/revisions\/39159"}],"wp:featuredmedia":[{"embeddable":true,"href":"https:\/\/infoveracruz.com.mx\/index.php\/wp-json\/wp\/v2\/media\/39160"}],"wp:attachment":[{"href":"https:\/\/infoveracruz.com.mx\/index.php\/wp-json\/wp\/v2\/media?parent=39158"}],"wp:term":[{"taxonomy":"category","embeddable":true,"href":"https:\/\/infoveracruz.com.mx\/index.php\/wp-json\/wp\/v2\/categories?post=39158"},{"taxonomy":"post_tag","embeddable":true,"href":"https:\/\/infoveracruz.com.mx\/index.php\/wp-json\/wp\/v2\/tags?post=39158"}],"curies":[{"name":"wp","href":"https:\/\/api.w.org\/{rel}","templated":true}]}}