{"id":3305,"date":"2022-03-08T11:28:10","date_gmt":"2022-03-08T11:28:10","guid":{"rendered":"https:\/\/infoveracruz.com.mx\/?p=3305"},"modified":"2022-03-08T11:28:11","modified_gmt":"2022-03-08T11:28:11","slug":"bajan-los-contagios-nuevos-de-covid-19-en-el-estado-de-veracruz","status":"publish","type":"post","link":"https:\/\/infoveracruz.com.mx\/index.php\/2022\/03\/08\/bajan-los-contagios-nuevos-de-covid-19-en-el-estado-de-veracruz\/","title":{"rendered":"Bajan los contagios nuevos de Covid-19 en el estado de Veracruz."},"content":{"rendered":"\n<p>Redacci\u00f3n Infoveracruz.<\/p>\n\n\n\n<p>Veracruz, Ver.-Bajan los casos nuevos de Covid-19, detectan 144 en las \u00faltimas horas en el estado de Veracruz, mientras que una falleci\u00f3 a causa de la enfermedad.<\/p>\n\n\n\n<p>Los casos positivos llegan a 171 mil 486, desde que empez\u00f3 la pandemia, indicaron autoridades de la Secretar\u00eda de Salud en el estado.<\/p>\n\n\n\n<p>El n\u00famero de fallecimientos es 15 mil 898 personas, mismas que no pudieron superar el Covid-19, muchas de ellas padec\u00edan otras enfermedades.<\/p>\n\n\n\n<p>Plan Nacional de Vacunaci\u00f3n.<\/p>\n\n\n\n<p>Los d\u00edas 08 y 09 de marzo, en 38 municipios, se aplicar\u00e1 el refuerzo a la poblaci\u00f3n de 30 a 39 a\u00f1os, rezagados mayores de 18 con segundas dosis, adolescentes de 12 a 17 con primeras y segundas, as\u00ed como a mujeres embarazadas.<\/p>\n\n\n\n<p>08 de marzo.<\/p>\n\n\n\n<p>En Benito Ju\u00e1rez, Coetzala, Comapa, Cuichapa, Landero y Coss, Oteapan, Pajapan, Rafael Lucio, Tampico Alto, Tatatila, Tecolutla, Teocelo, Tlilapan, Tlalixcoyan, Tlaquilpa, \u00darsulo Galv\u00e1n, Xoxocotla, Zaragoza.<\/p>\n\n\n\n<p>08 y 09 de marzo<\/p>\n\n\n\n<p>En n Castillo de Teayo, Coyutla, Espinal, Uxpanapa.<\/p>\n\n\n\n<p>09 de marzo.<\/p>\n\n\n\n<p>En Ayahualulco, El Higo, Ignacio de la Llave, Jamapa, Moloac\u00e1n, Naranjal, Plat\u00f3n S\u00e1nchez, Sochiapa, Tatahuicapan, Tenampa, Tenochtitl\u00e1n, Tepetl\u00e1n, Tlacotepec, Vega de Alatorre<\/p>\n","protected":false},"excerpt":{"rendered":"<p>Redacci\u00f3n Infoveracruz. Veracruz, Ver.-Bajan los casos nuevos de Covid-19, detectan 144 en las \u00faltimas horas&#8230;<\/p>\n","protected":false},"author":2,"featured_media":3306,"comment_status":"open","ping_status":"closed","sticky":false,"template":"","format":"standard","meta":{"_monsterinsights_skip_tracking":false,"_monsterinsights_sitenote_active":false,"_monsterinsights_sitenote_note":"","_monsterinsights_sitenote_category":0,"footnotes":""},"categories":[112],"tags":[],"class_list":["post-3305","post","type-post","status-publish","format-standard","has-post-thumbnail","hentry","category-estatal"],"_links":{"self":[{"href":"https:\/\/infoveracruz.com.mx\/index.php\/wp-json\/wp\/v2\/posts\/3305","targetHints":{"allow":["GET"]}}],"collection":[{"href":"https:\/\/infoveracruz.com.mx\/index.php\/wp-json\/wp\/v2\/posts"}],"about":[{"href":"https:\/\/infoveracruz.com.mx\/index.php\/wp-json\/wp\/v2\/types\/post"}],"author":[{"embeddable":true,"href":"https:\/\/infoveracruz.com.mx\/index.php\/wp-json\/wp\/v2\/users\/2"}],"replies":[{"embeddable":true,"href":"https:\/\/infoveracruz.com.mx\/index.php\/wp-json\/wp\/v2\/comments?post=3305"}],"version-history":[{"count":1,"href":"https:\/\/infoveracruz.com.mx\/index.php\/wp-json\/wp\/v2\/posts\/3305\/revisions"}],"predecessor-version":[{"id":3307,"href":"https:\/\/infoveracruz.com.mx\/index.php\/wp-json\/wp\/v2\/posts\/3305\/revisions\/3307"}],"wp:featuredmedia":[{"embeddable":true,"href":"https:\/\/infoveracruz.com.mx\/index.php\/wp-json\/wp\/v2\/media\/3306"}],"wp:attachment":[{"href":"https:\/\/infoveracruz.com.mx\/index.php\/wp-json\/wp\/v2\/media?parent=3305"}],"wp:term":[{"taxonomy":"category","embeddable":true,"href":"https:\/\/infoveracruz.com.mx\/index.php\/wp-json\/wp\/v2\/categories?post=3305"},{"taxonomy":"post_tag","embeddable":true,"href":"https:\/\/infoveracruz.com.mx\/index.php\/wp-json\/wp\/v2\/tags?post=3305"}],"curies":[{"name":"wp","href":"https:\/\/api.w.org\/{rel}","templated":true}]}}