{"id":26996,"date":"2023-11-08T14:45:32","date_gmt":"2023-11-08T19:45:32","guid":{"rendered":"https:\/\/infoveracruz.com.mx\/?p=26996"},"modified":"2023-11-08T14:45:32","modified_gmt":"2023-11-08T19:45:32","slug":"realiza-la-alcaldesa-paty-lobeira-de-yunes-mantenimiento-integral-en-puentes-de-la-ciudad","status":"publish","type":"post","link":"https:\/\/infoveracruz.com.mx\/index.php\/2023\/11\/08\/realiza-la-alcaldesa-paty-lobeira-de-yunes-mantenimiento-integral-en-puentes-de-la-ciudad\/","title":{"rendered":"Realiza la alcaldesa Paty Lobeira de Yunes mantenimiento integral en puentes de la ciudad"},"content":{"rendered":"\n<p><\/p>\n\n\n\n<p><em>-Tanto puentes vehiculares como peatonales<\/em><\/p>\n\n\n\n<p><em>-Para brindar mayor movilidad y seguridad a los usuarios<\/em><\/p>\n\n\n\n<p>redacci\u00f3n InfoVeracruz. <\/p>\n\n\n\n<p><em>Veracruz, Ver., 08 de noviembre de 2023.-<\/em> La alcaldesa Paty Lobeira de Yunes inform\u00f3 que como parte del \u201cPrograma Integral de Mantenimiento de Puentes\u201d, se han realizado acciones de mejora para su buen funcionamiento a 19 puentes de la ciudad, brindando as\u00ed una mejor y mayor movilidad y seguridad a los usuarios.<\/p>\n\n\n\n<p>Desde el Puente Peatonal Playa Regatas, ubicado en la Avenida Rafael Cuervo, en la zona norte de la ciudad, a donde acudi\u00f3 para realizar la supervisi\u00f3n de los trabajos, la Alcaldesa dio a conocer que en este puente se ha hecho una rehabilitaci\u00f3n integral de barandales met\u00e1licos galvanizados, pintura y resane de escalones y base de acero cubriendo las superficies necesarias.<\/p>\n\n\n\n<p>Afirm\u00f3 que durante el a\u00f1o anterior se logr\u00f3 realizar el mantenimiento a la infraestructura de 9 puentes, entre los cuales se encuentran puentes vehiculares como el Allende, Miguel Alem\u00e1n y el Bicentenario, as\u00ed como 2 puentes peatonales, el Villa Rica y Cuauht\u00e9moc.<\/p>\n\n\n\n<p>Y destac\u00f3 que para dar continuidad, a principios de este a\u00f1o se contin\u00fao brindando mantenimiento al Puente Allende, Allende norte, Costa Rica, Colorada, Polvor\u00edn, Cervantes y Padilla, Issste, Playa regatas, as\u00ed como el de Cuauht\u00e9moc y el Miguel \u00c1ngel de Quevedo.<\/p>\n\n\n\n<p>\u201cPara nuestra administraci\u00f3n la seguridad y movilidad de todas y todos es fundamental, por lo que seguiremos trabajando constantemente para ofrecerles a los jarochos, puentes que se encuentren en \u00f3ptimas condiciones para su uso\u201d, concluy\u00f3 la alcaldesa Paty Lobeira de Yunes.<\/p>\n","protected":false},"excerpt":{"rendered":"<p>-Tanto puentes vehiculares como peatonales -Para brindar mayor movilidad y seguridad a los usuarios redacci\u00f3n&#8230;<\/p>\n","protected":false},"author":2,"featured_media":26997,"comment_status":"closed","ping_status":"closed","sticky":false,"template":"","format":"standard","meta":{"_monsterinsights_skip_tracking":false,"_monsterinsights_sitenote_active":false,"_monsterinsights_sitenote_note":"","_monsterinsights_sitenote_category":0,"footnotes":""},"categories":[111],"tags":[],"class_list":["post-26996","post","type-post","status-publish","format-standard","has-post-thumbnail","hentry","category-local"],"_links":{"self":[{"href":"https:\/\/infoveracruz.com.mx\/index.php\/wp-json\/wp\/v2\/posts\/26996","targetHints":{"allow":["GET"]}}],"collection":[{"href":"https:\/\/infoveracruz.com.mx\/index.php\/wp-json\/wp\/v2\/posts"}],"about":[{"href":"https:\/\/infoveracruz.com.mx\/index.php\/wp-json\/wp\/v2\/types\/post"}],"author":[{"embeddable":true,"href":"https:\/\/infoveracruz.com.mx\/index.php\/wp-json\/wp\/v2\/users\/2"}],"replies":[{"embeddable":true,"href":"https:\/\/infoveracruz.com.mx\/index.php\/wp-json\/wp\/v2\/comments?post=26996"}],"version-history":[{"count":1,"href":"https:\/\/infoveracruz.com.mx\/index.php\/wp-json\/wp\/v2\/posts\/26996\/revisions"}],"predecessor-version":[{"id":26998,"href":"https:\/\/infoveracruz.com.mx\/index.php\/wp-json\/wp\/v2\/posts\/26996\/revisions\/26998"}],"wp:featuredmedia":[{"embeddable":true,"href":"https:\/\/infoveracruz.com.mx\/index.php\/wp-json\/wp\/v2\/media\/26997"}],"wp:attachment":[{"href":"https:\/\/infoveracruz.com.mx\/index.php\/wp-json\/wp\/v2\/media?parent=26996"}],"wp:term":[{"taxonomy":"category","embeddable":true,"href":"https:\/\/infoveracruz.com.mx\/index.php\/wp-json\/wp\/v2\/categories?post=26996"},{"taxonomy":"post_tag","embeddable":true,"href":"https:\/\/infoveracruz.com.mx\/index.php\/wp-json\/wp\/v2\/tags?post=26996"}],"curies":[{"name":"wp","href":"https:\/\/api.w.org\/{rel}","templated":true}]}}